{"id":6100,"date":"2019-08-02T19:48:22","date_gmt":"2019-08-02T19:48:22","guid":{"rendered":"http:\/\/www.radiopresidenteibanez.cl\/web\/?p=6100"},"modified":"2019-08-02T19:49:01","modified_gmt":"2019-08-02T19:49:01","slug":"lanzaran-convocatoria-para-capacitar-a-empresas-de-menor-tamano-en-e-commerce","status":"publish","type":"post","link":"https:\/\/www.radiopresidenteibanez.cl\/web\/lanzaran-convocatoria-para-capacitar-a-empresas-de-menor-tamano-en-e-commerce\/","title":{"rendered":"LANZAR\u00c1N CONVOCATORIA PARA CAPACITAR A EMPRESAS DE MENOR TAMA\u00d1O EN E-COMMERCE"},"content":{"rendered":"\n<p>Un total de 45 becas en la regi\u00f3n de Magallanes pondr\u00e1 Corfo\na disposici\u00f3n de los due\u00f1os, gerentes y trabajadores de las micro, peque\u00f1as y\nmedianas empresas, para que realicen un curso sobre marketing digital, redes\nsociales y comercio electr\u00f3nico. <\/p>\n\n\n\n<p>Lo anterior, se enmarca en la\niniciativa \u201cPymes en L\u00ednea\u201d que forma parte del programa del Ministerio de\nEconom\u00eda \u201cDigitaliza tu pyme\u201d y que permitir\u00e1 que los beneficiarios aprendan a\ncrear de manera simple su propio sitio de e-commerce, incluyendo cat\u00e1logo\nonline, carrito de compra, sistema de pago en l\u00ednea, sistema de log\u00edstica de\ndespacho.<\/p>\n\n\n\n<p>Al respecto, el Subsecretario de\nEconom\u00eda y Empresas de Menor Tama\u00f1o, Ignacio Guerrero, sostuvo que \u201cdesde el\nGobierno del Presidente Sebasti\u00e1n Pi\u00f1era estamos comprometidos en abordar los\ndesaf\u00edos que trae consigo la transformaci\u00f3n digital. Por esta raz\u00f3n, estamos\nimpulsado el curso \u201cPymes en L\u00ednea\u201d que ofrecer\u00e1 Corfo y que se enmarca en el\nPrograma \u201cDigitaliza tu pyme\u201d de nuestro ministerio, el cual beneficiar\u00e1 a\n1.500 mipymes de nuestro pa\u00eds para que puedan adoptar las nuevas tecnolog\u00edas\ndigitales con el fin de que aumenten sus ventas, bajen sus costos, mejoren su\nrelaci\u00f3n con los clientes y proveedores; y sean cada vez m\u00e1s\ncompetitivas\u201d.&nbsp;&nbsp;&nbsp; <\/p>\n\n\n\n<p>En tanto, el Gerente de Redes y\nCompetitividad de Corfo, Claudio Valenzuela, afirm\u00f3 que \u201cChile est\u00e1 en marcha y\nel esfuerzo de empujar la digitalizaci\u00f3n de las mipymes requiere de un\nliderazgo p\u00fablico, pero tambi\u00e9n de la creatividad y la iniciativa del sector\nprivado, es por esta raz\u00f3n, que los convocamos a todos a participar de esta\niniciativa, que sin lugar a duda, permitir\u00e1 que nuestras empresas y\nemprendedores puedan focalizarse en vender y producir m\u00e1s y mejor, haciendo\ncrecer as\u00ed sus negocios y la econom\u00eda de nuestro pa\u00eds. \u201d<\/p>\n\n\n\n<p>El curso \u201cPymes en l\u00ednea\u201d se encuentra\nen proceso de licitaci\u00f3n para seleccionar a los organismos t\u00e9cnicos de capacitaci\u00f3n que apoyar\u00e1n a\nCorfo en la implementaci\u00f3n de los cursos, por lo que pr\u00f3ximamente se realizar\u00e1\nsu lanzamiento formal.<\/p>\n\n\n\n<p>La seremi de Econom\u00eda, Natalia Easton,\ndestac\u00f3 la importancia de que las mipymes de Magallanes tengan la posibilidad de hacer este curso que les permitir\u00e1 acceder al\nmercado e- commerce que tiene gran potencial de crecimiento. \u201cLa revoluci\u00f3n\ndigital es una realidad en Magallanes y el mundo, y nuestros emprendedores\nregionales tienen que sumarse cuanto antes para aprovechar sus grandes\nbeneficios. El e-commerce ofrece un mercado inmenso que s\u00f3lo crece, generando\nuna gran oportunidad de aumentar las ventas y hacer crecer los negocios de\nnuestras pymes. En ese contexto, el curso \u201cPymes en l\u00ednea\u201d que ofreceremos a\ntrav\u00e9s de Corfo es una oportunidad \u00fanica para capacitarse y tener un rol activo\nen este canal que est\u00e1 liderando la expansi\u00f3n del comercio a nivel mundial\u201d.<\/p>\n\n\n\n<p>Con todo, el comercio electr\u00f3nico en el pa\u00eds progresa a una\ntasa cercana al 40% anual, de acuerdo a cifras de la C\u00e1mara de Comercio de\nSantiago. Adem\u00e1s, existen m\u00e1s de 15 millones de personas conectadas, de los\ncuales 5,5 millones realizan compras por internet.<\/p>\n","protected":false},"excerpt":{"rendered":"<p>Un total de 45 becas en la regi\u00f3n de Magallanes pondr\u00e1 Corfo a disposici\u00f3n de los due\u00f1os, gerentes y trabajadores de las micro, peque\u00f1as y medianas empresas, para que realicen&#8230; <a class=\"read-more\" href=\"https:\/\/www.radiopresidenteibanez.cl\/web\/lanzaran-convocatoria-para-capacitar-a-empresas-de-menor-tamano-en-e-commerce\/\">Leer m\u00e1s<\/a><\/p>\n","protected":false},"author":2,"featured_media":6101,"comment_status":"closed","ping_status":"closed","sticky":false,"template":"","format":"standard","meta":{"footnotes":""},"categories":[1],"tags":[],"class_list":["post-6100","post","type-post","status-publish","format-standard","has-post-thumbnail","hentry","category-cronica"],"_links":{"self":[{"href":"https:\/\/www.radiopresidenteibanez.cl\/web\/wp-json\/wp\/v2\/posts\/6100","targetHints":{"allow":["GET"]}}],"collection":[{"href":"https:\/\/www.radiopresidenteibanez.cl\/web\/wp-json\/wp\/v2\/posts"}],"about":[{"href":"https:\/\/www.radiopresidenteibanez.cl\/web\/wp-json\/wp\/v2\/types\/post"}],"author":[{"embeddable":true,"href":"https:\/\/www.radiopresidenteibanez.cl\/web\/wp-json\/wp\/v2\/users\/2"}],"replies":[{"embeddable":true,"href":"https:\/\/www.radiopresidenteibanez.cl\/web\/wp-json\/wp\/v2\/comments?post=6100"}],"version-history":[{"count":0,"href":"https:\/\/www.radiopresidenteibanez.cl\/web\/wp-json\/wp\/v2\/posts\/6100\/revisions"}],"wp:featuredmedia":[{"embeddable":true,"href":"https:\/\/www.radiopresidenteibanez.cl\/web\/wp-json\/wp\/v2\/media\/6101"}],"wp:attachment":[{"href":"https:\/\/www.radiopresidenteibanez.cl\/web\/wp-json\/wp\/v2\/media?parent=6100"}],"wp:term":[{"taxonomy":"category","embeddable":true,"href":"https:\/\/www.radiopresidenteibanez.cl\/web\/wp-json\/wp\/v2\/categories?post=6100"},{"taxonomy":"post_tag","embeddable":true,"href":"https:\/\/www.radiopresidenteibanez.cl\/web\/wp-json\/wp\/v2\/tags?post=6100"}],"curies":[{"name":"wp","href":"https:\/\/api.w.org\/{rel}","templated":true}]}}