{"id":60689,"date":"2025-12-16T08:53:33","date_gmt":"2025-12-16T11:53:33","guid":{"rendered":"https:\/\/www.radiopresidenteibanez.cl\/web\/?p=60689"},"modified":"2025-12-16T08:54:08","modified_gmt":"2025-12-16T11:54:08","slug":"umag-informa-acuerdo-con-la-federacion-de-estudiantes-y-fin-de-la-toma","status":"publish","type":"post","link":"https:\/\/www.radiopresidenteibanez.cl\/web\/umag-informa-acuerdo-con-la-federacion-de-estudiantes-y-fin-de-la-toma\/","title":{"rendered":"UMAG informa acuerdo con la Federaci\u00f3n de Estudiantes y fin de la toma"},"content":{"rendered":"\n<p>La Universidad de Magallanes informa a su comunidad que, tras<br>el di\u00e1logo sostenido con la Federaci\u00f3n de Estudiantes de la<br>UMAG (FEUM), durante la jornada de hoy se alcanz\u00f3 un acuerdo<br>que permite avanzar en la resoluci\u00f3n del petitorio estudiantil y<br>en la normalizaci\u00f3n gradual de las actividades acad\u00e9micas.<br>El acuerdo contempla la instalaci\u00f3n de una Mesa de Di\u00e1logo<br>Institucional con plazos definidos, y medidas acad\u00e9micas<br>excepcionales orientadas a resguardar la trayectoria formativa<br>de las y los estudiantes, incluyendo una marcha blanca.<br>De esta forma, la firma del acuerdo y la entrega de las<br>dependencias tendr\u00e1 lugar a partir de las 10.00 horas de este<br>martes 16 de diciembre, reanud\u00e1ndose las actividades<br>universitarias el mi\u00e9rcoles 17 de diciembre.<br>La Universidad valora el clima de di\u00e1logo y disposici\u00f3n al<br>entendimiento, y reafirma su compromiso con una soluci\u00f3n<br>institucional, basada en el respeto y el fortalecimiento de la<br>educaci\u00f3n p\u00fablica.<\/p>\n","protected":false},"excerpt":{"rendered":"<p>La Universidad de Magallanes informa a su comunidad que, trasel di\u00e1logo sostenido con la Federaci\u00f3n de Estudiantes de laUMAG (FEUM), durante la jornada de hoy se alcanz\u00f3 un acuerdoque permite&#8230; <a class=\"read-more\" href=\"https:\/\/www.radiopresidenteibanez.cl\/web\/umag-informa-acuerdo-con-la-federacion-de-estudiantes-y-fin-de-la-toma\/\">Leer m\u00e1s<\/a><\/p>\n","protected":false},"author":2,"featured_media":60690,"comment_status":"closed","ping_status":"closed","sticky":false,"template":"","format":"standard","meta":{"footnotes":""},"categories":[1],"tags":[],"class_list":["post-60689","post","type-post","status-publish","format-standard","has-post-thumbnail","hentry","category-cronica"],"_links":{"self":[{"href":"https:\/\/www.radiopresidenteibanez.cl\/web\/wp-json\/wp\/v2\/posts\/60689","targetHints":{"allow":["GET"]}}],"collection":[{"href":"https:\/\/www.radiopresidenteibanez.cl\/web\/wp-json\/wp\/v2\/posts"}],"about":[{"href":"https:\/\/www.radiopresidenteibanez.cl\/web\/wp-json\/wp\/v2\/types\/post"}],"author":[{"embeddable":true,"href":"https:\/\/www.radiopresidenteibanez.cl\/web\/wp-json\/wp\/v2\/users\/2"}],"replies":[{"embeddable":true,"href":"https:\/\/www.radiopresidenteibanez.cl\/web\/wp-json\/wp\/v2\/comments?post=60689"}],"version-history":[{"count":0,"href":"https:\/\/www.radiopresidenteibanez.cl\/web\/wp-json\/wp\/v2\/posts\/60689\/revisions"}],"wp:featuredmedia":[{"embeddable":true,"href":"https:\/\/www.radiopresidenteibanez.cl\/web\/wp-json\/wp\/v2\/media\/60690"}],"wp:attachment":[{"href":"https:\/\/www.radiopresidenteibanez.cl\/web\/wp-json\/wp\/v2\/media?parent=60689"}],"wp:term":[{"taxonomy":"category","embeddable":true,"href":"https:\/\/www.radiopresidenteibanez.cl\/web\/wp-json\/wp\/v2\/categories?post=60689"},{"taxonomy":"post_tag","embeddable":true,"href":"https:\/\/www.radiopresidenteibanez.cl\/web\/wp-json\/wp\/v2\/tags?post=60689"}],"curies":[{"name":"wp","href":"https:\/\/api.w.org\/{rel}","templated":true}]}}