{"id":60686,"date":"2025-12-15T11:54:40","date_gmt":"2025-12-15T14:54:40","guid":{"rendered":"https:\/\/www.radiopresidenteibanez.cl\/web\/?p=60686"},"modified":"2025-12-15T11:54:53","modified_gmt":"2025-12-15T14:54:53","slug":"los-sorprendidos","status":"publish","type":"post","link":"https:\/\/www.radiopresidenteibanez.cl\/web\/los-sorprendidos\/","title":{"rendered":"LOS SORPRENDIDOS"},"content":{"rendered":"\n<p>Lo m\u00e1s sorprendente del resultado electoral de este 14 de diciembre, son los sorprendidos.<\/p>\n\n\n\n<p>Este largo y sinuoso camino comenz\u00f3 a pavimentarse para que la modernidad de los \u201crenovados\u201d rodara suavemente, el 27 de noviembre de 1988, a poco de ganarse el plebiscito que desalojaba a la dictadura con un relativamente rotundo \u201cNO\u201d. Al plebiscito se lleg\u00f3 con un rico tejido social, construido con no poco sacrificio (tortura, desapariciones forzadas, asesinatos y otra tropel\u00edas) que se reflejaba en lo que se conoc\u00eda como las \u201corganizaciones de base\u201d, sembradas, regadas y florecidas en sindicatos, centros de alumnos, juntas de vecinos, parroquias y otras opciones de organizaci\u00f3n popular, que devinieron en una esperanza com\u00fan, y las consiguientes promesas de cambio.<\/p>\n\n\n\n<p>En la fecha anotada, ocurri\u00f3 uno de los hechos m\u00e1s gravitantes y (des)conocidos de nuestra Historia reciente: La cara visible, el hombre que lider\u00f3 en gran parte el avance hacia la democracia, que no lo pas\u00f3 nada bien y hasta preso estuvo, fue Gabriel Vald\u00e9s Subercaseaux, que se estimaba ser\u00eda la carta presidencial del 89. Entonces ocurri\u00f3 el \u201cCarmengate\u201d (no sea flojo, googlee), y por arte de birlibirloque fue \u201celegido\u201d quien hab\u00eda justificado y explicado el golpe de 1973 urbi et orbi (l\u00e9ase la carta a Mariano Rumor) y no hab\u00eda arriesgado pr\u00e1cticamente nada, apareciendo cuando la mesa ya estaba puesta.<\/p>\n\n\n\n<p>Con la llegada de esa c\u00e1fila al poder, el mensaje fue claro: \u201cya cauritos, ahora pa\u2019 la casa, que nosotros nos encargamos\u201d, y comenz\u00f3 el desguace del tinglado social que nos hab\u00eda llevado hasta ah\u00ed, y la conversi\u00f3n del vino en agua tibia. Conceptos como \u201cclase\u201d, \u201cPueblo\u201d y otros que sonaban a\u00f1ejos, fueron cayendo en desuso de tanto que los \u201crenovados\u201d no los mentaban ni por casualidad, fen\u00f3meno que cuando lo advert\u00ed por all\u00e1 por 1991, me vali\u00f3 varios ep\u00edtetos que hoy luzco con total entereza. Uno a uno fueron cayendo los ofertones, en aras de un supuesto \u201crealismo\u201d que desconoci\u00f3 ol\u00edmpicamente que la pol\u00edtica es esencialmente el establecimiento de prop\u00f3sitos de cambio, y la consecuci\u00f3n de ellos, y no la mera administraci\u00f3n del status quo. As\u00ed, el pa\u00eds pas\u00f3 de tener un \u201cPueblo victorioso\u201d a un \u201cGana la gente\u201d, y finalmente \u201cla gente\u201d pas\u00f3 a ser una masa de consumidores, f\u00e1cilmente manejable por la publicidad y la propaganda, y que se compra cualquier cosa que tenga marketing bien hecho. Parafraseando un antiguo c\u00e1ntico de las marchas, hace mucho escrib\u00ed: \u201c\u00bfSi este no es el Pueblo, el Pueblo d\u00f3nde est\u00e1? \u00a1El Pueblo est\u00e1 en la micro, y va llegando al Mall!\u201d.<\/p>\n\n\n\n<p>As\u00ed, con algunos logros placebos y otros verdaderos, deambulamos estos 35 a\u00f1os caminando a lo Michael Jackson, o sea, sin que el espectador desprevenido sepa si va para adelante o para atr\u00e1s, lo que es muy distinto al libro de Lenin \u201cUn paso adelante, dos atr\u00e1s\u201d. As\u00ed las cosas, el elemento aspiracional fue introducido con mayor o menor intenci\u00f3n, de modo que la m\u00ednima porci\u00f3n posible de \u201cla gall\u00e1\u201d se sienta de clase baja o pobre, dando paso a una m\u00edtica clase media, que tiene todo al alcance de la mano, es cosa de ponerle un poco de color nom\u00e1s. Tenemos una identificaci\u00f3n con dicho segmento, de gente que gana 600 lucas a otra que gana 5 palos o m\u00e1s. Mientras tanto, las Pymes generan el 65% del empleo, pero el 1% de las empresas m\u00e1s grandes acumulan el 88% de las ventas totales del pa\u00eds. Meterme con las AFPs, las Isapres, la Banca y otras cosas ya lo he hecho, as\u00ed es que no me voy a extender aqu\u00ed, pero si se motivan, lo pueden estudiar.<\/p>\n\n\n\n<p>El asunto de fondo es que los dos principales discursos \u2013 el de la izquierda y el de la derecha- optaron por disfrazarse de \u201ccentro\u201d, y ah\u00ed, vaya a saber uno lo que puede encontrar, pero sin duda es funcional a la derecha, porque esta siempre ha sido fiel a unas cuantas ideas casi tangibles: orden, seguridad, patriotismo, los pobres lo son porque quieren o son flojes, su poco de religi\u00f3n, y listo.<\/p>\n\n\n\n<p>Para la izquierda la cosa es m\u00e1s complicada: abandonada para bien o para mal la idea de la \u201clucha de clases\u201d a cambio de la clase media, desprendida lo m\u00e1s que se pueda de conceptos de la econom\u00eda y la filosof\u00eda pol\u00edtica marxista, que en mayor o menor medida sent\u00f3 las bases de su identidad, hoy por hoy es s\u00f3lo un \u201cjurel tipo salm\u00f3n\u201d, una mescolanza de tortilla para la cual no se quiebran huevos, y en definitiva, una adopci\u00f3n de las ideas de centro, establecidas desde la derecha, cuya mimetizaci\u00f3n los hace casi invisibles. Que hoy alguien pueda definir -por ejemplo- que es ser socialista, es casi tan dif\u00edcil como explicar la dualidad cu\u00e1ntica, ese fen\u00f3meno de la f\u00edsica de subpart\u00edculas at\u00f3micas que nos dice que estas pueden exhibir comportamiento de ondas o de part\u00edculas, dependiendo del contexto y la observaci\u00f3n.<\/p>\n\n\n\n<p>Con toda esta mezcolanza, tenemos un perfecto r\u00edo revuelto, en que es cosa de que los pescadores se pongan a ganar nom\u00e1s, mientras los peces nadan desorientados en las aguas de ideas que nadie conoce, ni siquiera quienes las promueven, o peor a\u00fan, quienes decidieron hacer como que no son lo que son, porque les puede dar alguna ganancia. Ser de derecha es f\u00e1cil: basta con vivir defendiendo lo propio, y si es posible, apropiarse de m\u00e1s. En la izquierda la cosa es m\u00e1s compleja, partiendo por el desprecio hac\u00eda la burgues\u00eda, que es la que ha producido los grandes pensadores del sector, porque \u201cel Pueblo\u201d est\u00e1 demasiado ocupado en tratar de comer ojal\u00e1 diariamente; es decir, se maneja con ideas que si bien rondan cuestiones bien concretas, se valida en la abstracci\u00f3n de pensar en los dem\u00e1s, en lugar de s\u00f3lo en uno mismo, ello explica que desde la derecha y hasta del centro, sea usual recibir un \u201c\u00bfPor qu\u00e9 no te vay pa Venezuela?\u201d. No les cabe en la cabeza que alguien que gana bien, come tres veces al d\u00eda y hasta puede haber llegado a la universidad, ande meti\u00e9ndose en cosas que no le afectan.<\/p>\n\n\n\n<p>La mayor herencia de la Dictadura no es el sistema econ\u00f3mico, es la instalaci\u00f3n del ego\u00edsmo y el individualismo, sostenido y mantenido por todos los gobiernos posteriores, que desmantelaron el tejido social de que hablaba al principio, y no tienen nada que decirle a un \u201cPueblo\u201d, es decir un grupo humano cohesionado y autoidentificado en torno a su propia realidad, de modo que hablan y gobiernan para una masa de consumidores, que lo que quiere es cumplir s\u00f3lo sus propias expectativas, y no hay nada m\u00e1s maleable que los consumidores, se los dice alguien que tambi\u00e9n pas\u00f3 sus a\u00f1os por el periodismo y la publicidad.<\/p>\n\n\n\n<p>As\u00ed es que no vengan ahora a hacerse los\u2026<\/p>\n\n\n\n<p>\u2026sorprendidos.<\/p>\n","protected":false},"excerpt":{"rendered":"<p>Lo m\u00e1s sorprendente del resultado electoral de este 14 de diciembre, son los sorprendidos. Este largo y sinuoso camino comenz\u00f3 a pavimentarse para que la modernidad de los \u201crenovados\u201d rodara&#8230; <a class=\"read-more\" href=\"https:\/\/www.radiopresidenteibanez.cl\/web\/los-sorprendidos\/\">Leer m\u00e1s<\/a><\/p>\n","protected":false},"author":2,"featured_media":60687,"comment_status":"closed","ping_status":"closed","sticky":false,"template":"","format":"standard","meta":{"footnotes":""},"categories":[1],"tags":[],"class_list":["post-60686","post","type-post","status-publish","format-standard","has-post-thumbnail","hentry","category-cronica"],"_links":{"self":[{"href":"https:\/\/www.radiopresidenteibanez.cl\/web\/wp-json\/wp\/v2\/posts\/60686","targetHints":{"allow":["GET"]}}],"collection":[{"href":"https:\/\/www.radiopresidenteibanez.cl\/web\/wp-json\/wp\/v2\/posts"}],"about":[{"href":"https:\/\/www.radiopresidenteibanez.cl\/web\/wp-json\/wp\/v2\/types\/post"}],"author":[{"embeddable":true,"href":"https:\/\/www.radiopresidenteibanez.cl\/web\/wp-json\/wp\/v2\/users\/2"}],"replies":[{"embeddable":true,"href":"https:\/\/www.radiopresidenteibanez.cl\/web\/wp-json\/wp\/v2\/comments?post=60686"}],"version-history":[{"count":0,"href":"https:\/\/www.radiopresidenteibanez.cl\/web\/wp-json\/wp\/v2\/posts\/60686\/revisions"}],"wp:featuredmedia":[{"embeddable":true,"href":"https:\/\/www.radiopresidenteibanez.cl\/web\/wp-json\/wp\/v2\/media\/60687"}],"wp:attachment":[{"href":"https:\/\/www.radiopresidenteibanez.cl\/web\/wp-json\/wp\/v2\/media?parent=60686"}],"wp:term":[{"taxonomy":"category","embeddable":true,"href":"https:\/\/www.radiopresidenteibanez.cl\/web\/wp-json\/wp\/v2\/categories?post=60686"},{"taxonomy":"post_tag","embeddable":true,"href":"https:\/\/www.radiopresidenteibanez.cl\/web\/wp-json\/wp\/v2\/tags?post=60686"}],"curies":[{"name":"wp","href":"https:\/\/api.w.org\/{rel}","templated":true}]}}