{"id":60679,"date":"2025-12-15T16:58:00","date_gmt":"2025-12-15T19:58:00","guid":{"rendered":"https:\/\/www.radiopresidenteibanez.cl\/web\/?p=60679"},"modified":"2025-12-15T11:38:00","modified_gmt":"2025-12-15T14:38:00","slug":"programa-quiero-mi-barrio-consejo-vecinal-del-barrio-robert-fitz-roy-junto-al-minvu-y-municipio-firmaron-contrato-de-obras","status":"publish","type":"post","link":"https:\/\/www.radiopresidenteibanez.cl\/web\/programa-quiero-mi-barrio-consejo-vecinal-del-barrio-robert-fitz-roy-junto-al-minvu-y-municipio-firmaron-contrato-de-obras\/","title":{"rendered":"Programa Quiero Mi Barrio Consejo vecinal del barrio Robert Fitz Roy junto al Minvu y municipio firmaron contrato de obras"},"content":{"rendered":"\n<p>Un paso relevante en la implementaci\u00f3n del Programa Quiero Mi Barrio en el sector Robert Fitz Roy de Punta Arenas, se concret\u00f3 con la firma del denominado contrato de barrios, que explicita las obras urbanas y sociales que ser\u00e1n financiadas por el Ministerio de Vivienda y Urbanismo y ejecutadas en conjunto con la Municipalidad.<\/p>\n\n\n\n<p>La firma fue suscrita por el Seremi de Vivienda y Urbanismo, Marco Uribe Saldivia, el Alcalde de Punta Arenas, Claudio Radonich Jim\u00e9nez y el presidente del Consejo Vecinal de Desarrollo (CVD), Marcelo Astorga Veloso. El hito cont\u00f3 adem\u00e1s con la asistencia de Seremis de Econom\u00eda, Marlene Espa\u00f1a Miranda; Seguridad P\u00fablica, Carla Barrientos Hern\u00e1ndez y Medio Ambiente, Enrique Rebolledo Toro; representantes del Club Deportivo Fitz Roy, de la Parroquia Esp\u00edritu Santo y del Consejo Vecinal de Desarrollo, entre otras organizaciones.<\/p>\n\n\n\n<p><strong>Barrio de Inter\u00e9s Regional<\/strong><strong><\/strong><\/p>\n\n\n\n<p>Durante la ceremonia, Marco Uribe Saldivia destac\u00f3 que el Barrio Robert Fitz Roy fue postulado como barrio de inter\u00e9s regional por parte de la propia Seremi Minvu, siendo seleccionado en octubre de 2022, destacando su valor arquitect\u00f3nico y social desde su origen en la d\u00e9cada de 1960 como un sector urbano de impronta moderna e integraci\u00f3n social.<\/p>\n\n\n\n<p>En cuanto a los desaf\u00edos que debe asumir la comunidad junto al Minvu y municipio, el Seremi Uribe se\u00f1al\u00f3&nbsp; \u201cHay que generar una convocatoria con mayor amplitud para que distintas vecinas y vecinos, distintas generaciones, puedan aportar nuevas ideas&nbsp; y potenciar el avance arquitect\u00f3nico como tambi\u00e9n social, que se puede generar a trav\u00e9s del Programa Quiero mi Barrio\u201d.<\/p>\n\n\n\n<p>La autoridad valor\u00f3 la disposici\u00f3n del Consejo Vecinal de Desarrollo a colaborar con el equipo barrial y de autoridades de diferentes carteras de potenciar la intervenci\u00f3n del programa \u201cHoy d\u00eda nos acompa\u00f1\u00f3 el Seremi de Medio Ambiente, la Seremi de Econom\u00eda, la Seremi de Seguridad P\u00fablica, con quienes se pueden generar distintas redes y trabajos, como ya lo hemos hecho, por ejemplo, en Natales, en Chile Nuevo. Es importante se\u00f1alar que, si bien contamos con un presupuesto ministerial, mediante un trabajo colaborativo podemos generar mayores obras f\u00edsicas y sociales que refuercen el tejido en este barrio que tiene una muy buena proyecci\u00f3n\u201d.<\/p>\n\n\n\n<p>A su vez, el presidente del Consejo Vecinal de Desarrollo, Marcelo Astorga Veloso, plante\u00f3 \u201cTenemos m\u00e1s de 600 casas y creo que es muy importante que en este proceso no se queden algunos pasajes sin participar, porque si bien hay obras pensadas, en t\u00e9rminos del diagn\u00f3stico, como el lugar central, tambi\u00e9n hay cosas que podemos movilizar a trav\u00e9s de las distintas instituciones del Estado\u201d.<\/p>\n\n\n\n<p>En este sentido el dirigente agradeci\u00f3 la asistencia de las autoridades de Medio Ambiente, Seguridad y Econom\u00eda, acotando que \u201cse pueden generar procesos en los temas que ellos manejan y que los vecinos conocen c\u00f3mo se presentan en el barrio, por eso, saber c\u00f3mo yo aporto desde mi domicilio, desde mi ubicaci\u00f3n en la Fitz Roy, al problema p\u00fablico del barrio, creo que es la gran tarea\u201d.<\/p>\n\n\n\n<p><strong>Obras que impactan la calidad de vida<\/strong><strong><\/strong><\/p>\n\n\n\n<p>El contrato del Barrio Fitz Roy considera 485 millones de pesos para la ejecuci\u00f3n de una Plataforma Deportivo\u2013Recreativa Integral, el mejoramiento del sector norte y sur del Parque de Avenida Espa\u00f1a y&nbsp;&nbsp; el mejoramiento de las Plazas Saludables ubicadas entre calles Los Copihues y Los Tilos.<\/p>\n\n\n\n<p>Por su parte los proyectos sociales priorizados, cuentan con un presupuesto superior a los 62 millones de pesos y se destinar\u00e1n a una l\u00ednea medioambiental con iniciativas de compostaje, manejo adecuado de residuos domiciliarios, huertos urbanos y ferias, entre otras iniciativas; un \u00e1mbito de seguridad que considera la conformaci\u00f3n de un comit\u00e9 vecinal, un plan de prevenci\u00f3n de riesgo de desastres y talleres deportivos; en el eje de identidad, se concretar\u00e1n diferentes propuestas de rescate y puesta en valor de la historia del barrio; finalmente se considera una l\u00ednea de fomento y apoyo al emprendimiento.<\/p>\n\n\n\n<p>En cuanto a las necesidades m\u00e1s sentidas y necesarias que se espera solucionar mediante este plan participativo, el presidente del CVD se\u00f1al\u00f3 \u201ctenemos problemas con los autos abandonados, con los perritos sin tenencia responsable, microbasurales. Y a pesar de que uno crea que esto se soluciona con un tarro basurero, se requiere la participaci\u00f3n de los vecinos y sobre todo la opini\u00f3n respecto a c\u00f3mo se hace eso. Porque est\u00e1n los fondos, pero pasar al proyecto concreto tambi\u00e9n implica producir confianza social, que uno invierta su tiempo en poder cooperar, educar y hacer acciones\u201d.<\/p>\n\n\n\n<p>Estos recursos podr\u00e1n complementarse con aportes de otras instituciones o programas ministeriales, con el objetivo de potenciar el impacto de las iniciativas en la comunidad.<\/p>\n\n\n\n<p>Cabe se\u00f1alar que la Obra de Confianza definida por el barrio corresponde al mejoramiento de la multicancha ubicada al oriente de la sede vecinal y su entorno, para lo cual se renovar\u00e1 la iluminaci\u00f3n peatonal y deportiva existente, se demarcar\u00e1 la multicancha, se instalar\u00e1 un sistema de drenaje de aguas lluvias, se habilitar\u00e1n circulaciones peatonales accesibles y el mejoramiento de la calzada con la incorporaci\u00f3n de adoc\u00e9sped.<\/p>\n","protected":false},"excerpt":{"rendered":"<p>Un paso relevante en la implementaci\u00f3n del Programa Quiero Mi Barrio en el sector Robert Fitz Roy de Punta Arenas, se concret\u00f3 con la firma del denominado contrato de barrios,&#8230; <a class=\"read-more\" href=\"https:\/\/www.radiopresidenteibanez.cl\/web\/programa-quiero-mi-barrio-consejo-vecinal-del-barrio-robert-fitz-roy-junto-al-minvu-y-municipio-firmaron-contrato-de-obras\/\">Leer m\u00e1s<\/a><\/p>\n","protected":false},"author":2,"featured_media":60680,"comment_status":"closed","ping_status":"closed","sticky":false,"template":"","format":"standard","meta":{"footnotes":""},"categories":[1],"tags":[],"class_list":["post-60679","post","type-post","status-publish","format-standard","has-post-thumbnail","hentry","category-cronica"],"_links":{"self":[{"href":"https:\/\/www.radiopresidenteibanez.cl\/web\/wp-json\/wp\/v2\/posts\/60679","targetHints":{"allow":["GET"]}}],"collection":[{"href":"https:\/\/www.radiopresidenteibanez.cl\/web\/wp-json\/wp\/v2\/posts"}],"about":[{"href":"https:\/\/www.radiopresidenteibanez.cl\/web\/wp-json\/wp\/v2\/types\/post"}],"author":[{"embeddable":true,"href":"https:\/\/www.radiopresidenteibanez.cl\/web\/wp-json\/wp\/v2\/users\/2"}],"replies":[{"embeddable":true,"href":"https:\/\/www.radiopresidenteibanez.cl\/web\/wp-json\/wp\/v2\/comments?post=60679"}],"version-history":[{"count":0,"href":"https:\/\/www.radiopresidenteibanez.cl\/web\/wp-json\/wp\/v2\/posts\/60679\/revisions"}],"wp:featuredmedia":[{"embeddable":true,"href":"https:\/\/www.radiopresidenteibanez.cl\/web\/wp-json\/wp\/v2\/media\/60680"}],"wp:attachment":[{"href":"https:\/\/www.radiopresidenteibanez.cl\/web\/wp-json\/wp\/v2\/media?parent=60679"}],"wp:term":[{"taxonomy":"category","embeddable":true,"href":"https:\/\/www.radiopresidenteibanez.cl\/web\/wp-json\/wp\/v2\/categories?post=60679"},{"taxonomy":"post_tag","embeddable":true,"href":"https:\/\/www.radiopresidenteibanez.cl\/web\/wp-json\/wp\/v2\/tags?post=60679"}],"curies":[{"name":"wp","href":"https:\/\/api.w.org\/{rel}","templated":true}]}}