{"id":60673,"date":"2025-12-15T14:13:00","date_gmt":"2025-12-15T17:13:00","guid":{"rendered":"https:\/\/www.radiopresidenteibanez.cl\/web\/?p=60673"},"modified":"2025-12-15T10:58:25","modified_gmt":"2025-12-15T13:58:25","slug":"programa-lazos-punta-arenas-presento-sus-resultados-2025","status":"publish","type":"post","link":"https:\/\/www.radiopresidenteibanez.cl\/web\/programa-lazos-punta-arenas-presento-sus-resultados-2025\/","title":{"rendered":"Programa Lazos Punta Arenas present\u00f3 sus resultados 2025"},"content":{"rendered":"\n<p>Con una ceremonia realizada en el edificio de Contralor\u00eda,<br>Lazos, programa del Ministerio de Seguridad P\u00fablica, que ejecuta la Delegaci\u00f3n Presidencial<br>Regional, present\u00f3 oficialmente sus resultados correspondientes al periodo febrero\u2013septiembre<br>2025, evidenciando avances sustantivos en todos sus componentes. La jornada congreg\u00f3 a<br>autoridades, profesionales, instituciones colaboradoras y equipos educativos de la regi\u00f3n, quienes<br>conocieron en detalle el impacto que Lazos ha tenido este a\u00f1o en ni\u00f1os, ni\u00f1as, adolescentes y sus<br>familias.<br>El Seremi de Gobierno, Andro Mimica, destac\u00f3 el sentido estrat\u00e9gico que ha tenido para la regi\u00f3n<br>la implementaci\u00f3n del programa: \u201cTuvimos una decisi\u00f3n absolutamente acertada al instalar el<br>programa Lazos en la Delegaci\u00f3n Presidencial Regional Punta Arenas. Ha sido altamente exitoso y<br>ha acompa\u00f1ado a familias, ni\u00f1os, ni\u00f1as y adolescentes que enfrentan complejidades. El Estado se<br>pone a su disposici\u00f3n para avanzar en conjunto, y esperamos que en los pr\u00f3ximos a\u00f1os siga<br>robusteci\u00e9ndose porque le hace bien a la comuna y a la regi\u00f3n de Magallanes\u201d.<br>Detecci\u00f3n Temprana: m\u00e1s de cien familias contactadas y un fortalecimiento clave de las rutas de<br>derivaci\u00f3n<br>El primer bloque de presentaci\u00f3n estuvo a cargo del componente de Detecci\u00f3n Temprana (EDT),<br>que entre febrero y septiembre de 2025 contact\u00f3 a 117 familias, de las cuales 52 completaron<br>evaluaciones EDT. Del total de casos evaluados, 47 fueron derivados a otros componentes del<br>programa: 34 a Parentalidad Positiva y 13 a Terapia Multisist\u00e9mica (MST). Adem\u00e1s, se evaluaron 5<br>casos provenientes del listado PSI, 24 derivados por establecimientos educativos y 23 a trav\u00e9s de<br>otras v\u00edas de ingreso.<br>La encargada del componente, Olivia Ojeda G\u00f3mez, explic\u00f3 que este a\u00f1o se vio fuertemente<br>afectado por la paralizaci\u00f3n de los establecimientos educacionales, lo que retras\u00f3 los procesos de<br>derivaci\u00f3n: \u201cEl 80% de nuestros casos proviene de los colegios, y este a\u00f1o el flujo reci\u00e9n se<br>normaliz\u00f3 hacia junio. Aun as\u00ed, el programa cumple un rol preventivo fundamental y est\u00e1 dirigido a<br>todas las familias que enfrentan situaciones de conflicto escolar, conductual o de convivencia.<br>Nuestro desaf\u00edo sigue siendo ampliar cobertura y llegar a m\u00e1s familias que necesitan esta primera<br>puerta de evaluaci\u00f3n\u201d.<br>La profesional aclar\u00f3, adem\u00e1s, que \u201ceste programa no est\u00e1 destinado como para un grupo<br>peque\u00f1o de padres que tengan hijos con factores de riesgo, sino que est\u00e1 para todos los padres,<\/p>\n\n\n\n<p>madres y cuidadores que tienen un hijo adolescente que est\u00e1 presentando alguna situaci\u00f3n de<br>conflicto.\u201d<br>Parentalidad Positiva: m\u00e1s del 170% de avance en orientaci\u00f3n y mejoras conductuales en todos<br>los niveles de intervenci\u00f3n<br>El segundo bloque estuvo enfocado en Parentalidad Positiva, que este 2025 super\u00f3 ampliamente<br>sus metas comunales. En Orientaci\u00f3n en Parentalidad Positiva, la meta era alcanzar 400 asistentes<br>a seminarios; sin embargo, a septiembre ya suman 687 participantes, logrando un avance del<br>171%. Adem\u00e1s, un 95% de ellos declara haber adquirido conocimientos \u00fatiles para fortalecer la<br>crianza.<br>En el \u00e1mbito de Intervenci\u00f3n en Parentalidad Positiva, la meta anual era de 100 atenciones (60<br>breves, 20 grupales y 20 est\u00e1ndar). A la fecha se registra un 59% de avance global, con:<br>\uf0b7 25 atenciones breves (41%)<br>\uf0b7 13 atenciones grupales (65%)<br>\uf0b7 21 atenciones est\u00e1ndar (105%)<br>Los resultados cualitativos son especialmente significativos:<br>\uf0b7 En atenci\u00f3n primaria, el 60% de los cuidadores report\u00f3 mejoras en las dificultades de sus<br>hijos.<br>\uf0b7 En intervenci\u00f3n grupal, el 75% disminuy\u00f3 conflictos asociados a la crianza.<br>\uf0b7 En modalidad est\u00e1ndar, el 100% observ\u00f3 una reducci\u00f3n del comportamiento conflictivo<br>adolescente.<br>El coordinador local, Diego Baeza C\u00e1rcamo, recalc\u00f3 que los seminarios fueron cruciales para<br>acercarse a familias que habitualmente no participan de instancias de apoyo: \u201cLa implementaci\u00f3n<br>de Parentalidad Positiva enfrent\u00f3 importantes desaf\u00edos, especialmente por el flujo de casos y el<br>paro docente, lo que impuls\u00f3 a ampliar el trabajo hacia m\u00e1s instituciones y establecimientos de<br>distintos tipos. Aun as\u00ed, logramos fortalecer la conexi\u00f3n con familias que inicialmente mostraban<br>temor frente a los programas disponibles. Gracias a seminarios y charlas, 687 familias recibieron<br>estrategias de crianza, un hito clave para nuestro equipo. Este avance incluy\u00f3 atenci\u00f3n<br>individualizada y talleres grupales, permitiendo a padres, madres y cuidadores reflexionar sobre<br>sus propios estilos de crianza, comparar sus experiencias y adaptarse a los desaf\u00edos actuales<br>mediante un proceso de cambio psicol\u00f3gico y cognitivo.\u201d.<br>Terapia Multisist\u00e9mica: alta adherencia al modelo, mejora en conductas de riesgo y 100% sin<br>arrestos durante el tratamiento<\/p>\n\n\n\n<p>El componente de Terapia Multisist\u00e9mica (MST) \u2014que inici\u00f3 oficialmente sus atenciones en abril<br>tras el proceso de acreditaci\u00f3n del equipo\u2014 present\u00f3 resultados que reflejan un desempe\u00f1o<br>t\u00e9cnico s\u00f3lido.<br>Con una muestra de 12 casos, el equipo obtuvo un puntaje de adherencia al modelo de 0,93<br>(siendo 1 el m\u00e1ximo), cifra destacada a nivel nacional. Asimismo, el 83% de los casos finaliz\u00f3 su<br>tratamiento, indicador afectado por los egresos administrativos derivados de la rotaci\u00f3n ocurrida<br>en febrero.<br>Los logros centrales al cierre del proceso se\u00f1alan que:<br>\uf0b7 91% de los adolescentes termin\u00f3 el tratamiento viviendo en su hogar.<br>\uf0b7 91% se encontraba escolarizado al egresar.<br>\uf0b7 100% no registr\u00f3 detenciones durante la intervenci\u00f3n.<br>\uf0b7 87% present\u00f3 disminuci\u00f3n del consumo de sustancias.<br>La supervisora del componente, Mayra G\u00f3mez, destac\u00f3 la relevancia de estos avances: \u201cHemos<br>logrado que la mayor\u00eda de nuestros casos, por no dar n\u00fameros nuevamente, cierto, la mayor\u00eda de<br>nuestros casos finalicen su proceso viviendo en sus hogares, escolarizados, sin nuevas<br>detenciones, lo cual es realmente un cambio 180 grados para familias que ingresan con todas<br>estas conductas activas. Nuestro desaf\u00edo ahora es aumentar derivaciones, dar a conocer que Lazos<br>existe, que es voluntario y que evita la judicializaci\u00f3n. Queremos llegar a adolescentes con<br>dificultades escolares, conductuales o incluso con conductas socio-delictivas, porque todos ellos<br>son atendibles por MST\u201d.<br>Entre los desaf\u00edos 2026 destacan:<br>\uf0b7 Disminuir egresos por bajo compromiso.<br>\uf0b7 Aumentar el involucramiento prosocial al 90%.<br>\uf0b7 Fortalecer habilidades familiares para manejo futuro de conflictos.<br>\uf0b7 Incrementar \u00e9xito escolar por sobre el 90%.<br>\uf0b7 Recoger TAM sobre el 70%.<br>\uf0b7 Mantener un promedio cercano a 5,5 casos por terapeuta.<\/p>\n\n\n\n<p>Instituciones valoran el trabajo colaborativo<\/p>\n\n\n\n<p>Durante el espacio de comentarios finales, diversas instituciones resaltaron el impacto del<br>programa. El encargado de Desarrollo Integral e Intersector del SLEP, Sebasti\u00e1n Mu\u00f1oz Avenda\u00f1o,<br>subray\u00f3 el rol clave del acompa\u00f1amiento que Lazos realiza a los establecimientos educativos:<br>\u201cFue una presentaci\u00f3n s\u00f3lida, con datos que reflejan el impacto del trabajo sistem\u00e1tico. Para<br>nosotros, Lazos es un aliado estrat\u00e9gico: nos fortalece en lo preventivo y nos permite llegar a<br>familias a las que a veces como sistema educativo no logramos acceder. Su apoyo es fundamental<br>para nuestros estudiantes y sus cuidadores\u201d.<br>Un cierre que abre nuevos desaf\u00edos para 2026<br>La jornada concluy\u00f3 con un reconocimiento al compromiso del equipo y a la colaboraci\u00f3n<br>interinstitucional que ha permitido que Lazos se consolide como un programa preventivo, integral<br>y cercano a las familias de Punta Arenas.<br>Con ello, el Programa Lazos cierra su ciclo 2025 reafirmando una convicci\u00f3n compartida por todos<br>sus componentes: el acompa\u00f1amiento temprano, la intervenci\u00f3n familiar y el trabajo territorial<br>hacen una diferencia real en la vida de ni\u00f1os, ni\u00f1as y adolescentes.<\/p>\n","protected":false},"excerpt":{"rendered":"<p>Con una ceremonia realizada en el edificio de Contralor\u00eda,Lazos, programa del Ministerio de Seguridad P\u00fablica, que ejecuta la Delegaci\u00f3n PresidencialRegional, present\u00f3 oficialmente sus resultados correspondientes al periodo febrero\u2013septiembre2025, evidenciando avances&#8230; <a class=\"read-more\" href=\"https:\/\/www.radiopresidenteibanez.cl\/web\/programa-lazos-punta-arenas-presento-sus-resultados-2025\/\">Leer m\u00e1s<\/a><\/p>\n","protected":false},"author":2,"featured_media":60674,"comment_status":"closed","ping_status":"closed","sticky":false,"template":"","format":"standard","meta":{"footnotes":""},"categories":[1],"tags":[],"class_list":["post-60673","post","type-post","status-publish","format-standard","has-post-thumbnail","hentry","category-cronica"],"_links":{"self":[{"href":"https:\/\/www.radiopresidenteibanez.cl\/web\/wp-json\/wp\/v2\/posts\/60673","targetHints":{"allow":["GET"]}}],"collection":[{"href":"https:\/\/www.radiopresidenteibanez.cl\/web\/wp-json\/wp\/v2\/posts"}],"about":[{"href":"https:\/\/www.radiopresidenteibanez.cl\/web\/wp-json\/wp\/v2\/types\/post"}],"author":[{"embeddable":true,"href":"https:\/\/www.radiopresidenteibanez.cl\/web\/wp-json\/wp\/v2\/users\/2"}],"replies":[{"embeddable":true,"href":"https:\/\/www.radiopresidenteibanez.cl\/web\/wp-json\/wp\/v2\/comments?post=60673"}],"version-history":[{"count":0,"href":"https:\/\/www.radiopresidenteibanez.cl\/web\/wp-json\/wp\/v2\/posts\/60673\/revisions"}],"wp:featuredmedia":[{"embeddable":true,"href":"https:\/\/www.radiopresidenteibanez.cl\/web\/wp-json\/wp\/v2\/media\/60674"}],"wp:attachment":[{"href":"https:\/\/www.radiopresidenteibanez.cl\/web\/wp-json\/wp\/v2\/media?parent=60673"}],"wp:term":[{"taxonomy":"category","embeddable":true,"href":"https:\/\/www.radiopresidenteibanez.cl\/web\/wp-json\/wp\/v2\/categories?post=60673"},{"taxonomy":"post_tag","embeddable":true,"href":"https:\/\/www.radiopresidenteibanez.cl\/web\/wp-json\/wp\/v2\/tags?post=60673"}],"curies":[{"name":"wp","href":"https:\/\/api.w.org\/{rel}","templated":true}]}}