{"id":60670,"date":"2025-12-15T12:55:00","date_gmt":"2025-12-15T15:55:00","guid":{"rendered":"https:\/\/www.radiopresidenteibanez.cl\/web\/?p=60670"},"modified":"2025-12-15T10:55:36","modified_gmt":"2025-12-15T13:55:36","slug":"pensionados-y-pensionadas-ya-pueden-acceder-alsimulador-mi-mejor-pension-para-conocer-sus-beneficios-con-la-reforma","status":"publish","type":"post","link":"https:\/\/www.radiopresidenteibanez.cl\/web\/pensionados-y-pensionadas-ya-pueden-acceder-alsimulador-mi-mejor-pension-para-conocer-sus-beneficios-con-la-reforma\/","title":{"rendered":"Pensionados y pensionadas ya pueden acceder alsimulador \u201cMi mejor pensi\u00f3n\u201d para conocer sus beneficios con la Reforma"},"content":{"rendered":"\n<p>La se\u00f1ora Mar\u00eda Moya Vega tiene 76 a\u00f1os y trabaj\u00f3<br>durante 27 a\u00f1os en el Instituto Superior de Comercio, Insuco, de Punta Arenas. Ella, al igual que<br>muchas pensionadas que cumplan con el m\u00ednimo de 10 a\u00f1os de cotizaciones, recibir\u00e1n el beneficio<br>por a\u00f1os cotizados que contribuye al aumento de sus pensiones.<br>Ese incremento en su pensi\u00f3n fue el que felizmente pudo verificar hoy, por primera vez, la se\u00f1ora<br>Mar\u00eda a trav\u00e9s del recientemente estrenado simulador \u201cMi mejor Pensi\u00f3n\u201d, plataforma que<br>permite -a ella y todos los pensionados que lo requieran- conocer el aumento que tendr\u00e1n sus<br>pensiones a partir de enero pr\u00f3ximo gracias a la Reforma.<br>En sus palabras: \u201cEstoy muy contenta, porque no pensaba que iba a recibir unos pesitos mas tan<br>pronto. Mi pensi\u00f3n era baja y con esto, me di cuenta que me va ayudar un mont\u00f3n. Pas\u00e9 al IPS a<br>averiguar otras cosas y me dijeron que me correspond\u00eda este aumento, as\u00ed que estoy muy<br>contenta\u201d.<br>\u201cMe han ayudado mucho aqu\u00ed y estoy feliz de que este gobierno nos haya apoyado tanto a las<br>personas mayores como yo y mi marido que tambi\u00e9n va a tener ahora un aumento en su pensi\u00f3n\u201d,<br>agreg\u00f3 con mucha satisfacci\u00f3n.<br>Durante la ocasi\u00f3n, las autoridades del Trabajo y del Instituto de Previsi\u00f3n Social (IPS), dieron a<br>conocer el simulador, explicando c\u00f3mo ingresar a trav\u00e9s de clave \u00fanica para acceder al c\u00e1lculo de<br>la nueva pensi\u00f3n.<br>Al respecto, la Seremi del Trabajo y Previsi\u00f3n Social, Jessica Bengoa Mayorga, explic\u00f3 que<br>\u201cestamos informando a la comunidad la posibilidad que otorga esta plataforma de conocer el<br>aumento de la pensi\u00f3n, a prop\u00f3sito de los beneficios que trae la Reforma de Pensiones. En el mes<br>de enero se implementan nuevos beneficios relacionados con el reconocimiento a las cotizaciones<br>que han efectuado hombres y mujeres, que es de 0,1 UF por cada a\u00f1o cotizado hasta 25 a\u00f1os de<\/p>\n\n\n\n<p>cotizaci\u00f3n. Es lo que la se\u00f1ora Mar\u00eda nos comentaba y que pudimos ver a trav\u00e9s del simulador que<br>hoy estamos lanzando a nivel regional\u201d.<\/p>\n\n\n\n<p>Llamado a mantener los datos actualizados<br>Al mismo tiempo, durante esta jornada, las autoridades hicieron un especial llamado a que todas<br>las personas pensionadas que pudieran ser beneficiarias de los aumentos que inician en el mes de<br>enero, a mantener actualizados sus respectivos datos bancarios con su AFP, independiente de que<br>ya no reciban pago de pensi\u00f3n de parte de estas, ya que, para acceder a los nuevos beneficios del<br>Seguro Social, que se inician en enero, es necesario que tengan una cuenta vigente las personas<br>que cumplan con los requisitos.<br>As\u00ed lo explic\u00f3 el director regional (s) del IPS Magallanes, Jos\u00e9 P\u00e9rez N\u00fa\u00f1ez, se\u00f1alando que \u201cla<br>Reforma de Pensiones ya est\u00e1 en marcha. En enero van a empezar a pagarse los beneficios del<br>Seguro Social y por eso es importante que aquellas personas que no se han vinculado con su AFP o<br>Compa\u00f1\u00eda de Seguro hace mucho tiempo, actualicen sus datos bancarios o datos personales,<br>porque, a partir del mes de enero, a\u00fan cuando estas personas no tengan fondos en sus cuentas<br>individuales, van a comenzar a recibir los beneficios del Seguro Social.<br>\u201cPor tanto, es importante prepararse desde ya para poder tener certeza, a contar de enero, de<br>que van a poder recibir este beneficio en sus cuentas bancarias. De lo contrario, esto se va a pagar<br>de forma presencial en el BancoEstado. Con la finalidad de hacer mucho m\u00e1s r\u00e1pido este proceso,<br>se hace un llamado a la comunidad a actualizar sus datos en sus propias entidades previsionales,<br>de manera presencial\u201d, recalc\u00f3 P\u00e9rez.<\/p>\n","protected":false},"excerpt":{"rendered":"<p>La se\u00f1ora Mar\u00eda Moya Vega tiene 76 a\u00f1os y trabaj\u00f3durante 27 a\u00f1os en el Instituto Superior de Comercio, Insuco, de Punta Arenas. Ella, al igual quemuchas pensionadas que cumplan con&#8230; <a class=\"read-more\" href=\"https:\/\/www.radiopresidenteibanez.cl\/web\/pensionados-y-pensionadas-ya-pueden-acceder-alsimulador-mi-mejor-pension-para-conocer-sus-beneficios-con-la-reforma\/\">Leer m\u00e1s<\/a><\/p>\n","protected":false},"author":2,"featured_media":60671,"comment_status":"closed","ping_status":"closed","sticky":false,"template":"","format":"standard","meta":{"footnotes":""},"categories":[1],"tags":[],"class_list":["post-60670","post","type-post","status-publish","format-standard","has-post-thumbnail","hentry","category-cronica"],"_links":{"self":[{"href":"https:\/\/www.radiopresidenteibanez.cl\/web\/wp-json\/wp\/v2\/posts\/60670","targetHints":{"allow":["GET"]}}],"collection":[{"href":"https:\/\/www.radiopresidenteibanez.cl\/web\/wp-json\/wp\/v2\/posts"}],"about":[{"href":"https:\/\/www.radiopresidenteibanez.cl\/web\/wp-json\/wp\/v2\/types\/post"}],"author":[{"embeddable":true,"href":"https:\/\/www.radiopresidenteibanez.cl\/web\/wp-json\/wp\/v2\/users\/2"}],"replies":[{"embeddable":true,"href":"https:\/\/www.radiopresidenteibanez.cl\/web\/wp-json\/wp\/v2\/comments?post=60670"}],"version-history":[{"count":0,"href":"https:\/\/www.radiopresidenteibanez.cl\/web\/wp-json\/wp\/v2\/posts\/60670\/revisions"}],"wp:featuredmedia":[{"embeddable":true,"href":"https:\/\/www.radiopresidenteibanez.cl\/web\/wp-json\/wp\/v2\/media\/60671"}],"wp:attachment":[{"href":"https:\/\/www.radiopresidenteibanez.cl\/web\/wp-json\/wp\/v2\/media?parent=60670"}],"wp:term":[{"taxonomy":"category","embeddable":true,"href":"https:\/\/www.radiopresidenteibanez.cl\/web\/wp-json\/wp\/v2\/categories?post=60670"},{"taxonomy":"post_tag","embeddable":true,"href":"https:\/\/www.radiopresidenteibanez.cl\/web\/wp-json\/wp\/v2\/tags?post=60670"}],"curies":[{"name":"wp","href":"https:\/\/api.w.org\/{rel}","templated":true}]}}