{"id":60667,"date":"2025-12-15T11:39:00","date_gmt":"2025-12-15T14:39:00","guid":{"rendered":"https:\/\/www.radiopresidenteibanez.cl\/web\/?p=60667"},"modified":"2025-12-15T10:31:37","modified_gmt":"2025-12-15T13:31:37","slug":"mop-publica-licitacion-de-proyecto-para-iluminar-la-ruta-hacia-el-aeropuerto-de-punta-arenas","status":"publish","type":"post","link":"https:\/\/www.radiopresidenteibanez.cl\/web\/mop-publica-licitacion-de-proyecto-para-iluminar-la-ruta-hacia-el-aeropuerto-de-punta-arenas\/","title":{"rendered":"MOP publica licitaci\u00f3n de proyecto para iluminar la ruta hacia el Aeropuerto de Punta Arenas"},"content":{"rendered":"\n<h1 class=\"wp-block-heading\">Este 11 de diciembre la Direcci\u00f3n de Vialidad del Ministerio de Obras P\u00fablicas, realiz\u00f3 la publicaci\u00f3n en el Diario Oficial de la licitaci\u00f3n para ejecutar el proyecto que dotar\u00e1 de iluminaci\u00f3n la Ruta 9 Norte hacia el Aeropuerto de Punta Arenas, incluyendo la Ruta 252.<\/h1>\n\n\n\n<h1 class=\"wp-block-heading\">&nbsp;<\/h1>\n\n\n\n<h1 class=\"wp-block-heading\">As\u00ed lo anunciaron ayer en terreno, en el acceso al Barrio Industrial, donde se iniciar\u00e1 el anhelado proyecto de iluminaci\u00f3n, el Director General de Obras P\u00fablicas Boris Olgu\u00edn, Delegado Presidencial Regional Jos\u00e9 Ruiz y Seremi Jos\u00e9 Luis Hern\u00e1ndez.<\/h1>\n\n\n\n<h1 class=\"wp-block-heading\">&nbsp;<\/h1>\n\n\n\n<h1 class=\"wp-block-heading\">\u201cEstamos anunciando la publicaci\u00f3n de la licitaci\u00f3n de una obra muy esperada por la comunidad, largos a\u00f1os tambi\u00e9n solicitada, como es el mejoramiento de la ruta 9, tanto las caleteras y sobre todo la iluminaci\u00f3n desde el sector del Barrio Industrial hasta el aeropuerto, incluyendo el acceso al aeropuerto, un poco m\u00e1s de 12 kil\u00f3metros y 19 mil millones del Ministerio de Obras P\u00fablicas que se destinar\u00e1n para estos efectos\u201d, inform\u00f3 el Delegado Presidencial Jos\u00e9 Ruiz.<\/h1>\n\n\n\n<h1 class=\"wp-block-heading\">&nbsp;<\/h1>\n\n\n\n<h1 class=\"wp-block-heading\">A\u00f1adi\u00f3 que \u201ces un proyecto que otorga seguridad vial en una ruta muy transitada, sobre todo en nuestros inviernos donde oscurece muy temprano y va a beneficiar directamente no s\u00f3lo a todos quienes transitan hacia el aeropuerto, hacia las otras provincias de nuestra regi\u00f3n, sino particularmente a quienes viven en los sectores cercanos como R\u00edo Seco, Loteo Vrsalovic, Ojo Bueno, que sin lugar a dudas esto cambia y otorga mucho m\u00e1s seguridad en su tr\u00e1nsito diario\u201d.<\/h1>\n\n\n\n<h1 class=\"wp-block-heading\">&nbsp;<\/h1>\n\n\n\n<h1 class=\"wp-block-heading\">Por su parte, el Director General de Obras P\u00fablicas Boris Olgu\u00edn, destac\u00f3 que \u201cestamos muy contentos como Ministerio de Obras P\u00fablicas porque sabemos que era una noticia muy esperada ac\u00e1 en la regi\u00f3n, en Punta Arenas particularmente, dando cuenta de un cumplimiento, un compromiso que suscribimos de adelantar esta licitaci\u00f3n.<\/h1>\n\n\n\n<h1 class=\"wp-block-heading\">Lo pudimos lograr por varios aspectos, por el trabajo que ha hecho el equipo t\u00e9cnico ac\u00e1 en la regi\u00f3n, el Seremi de Obras P\u00fablicas Jos\u00e9 Luis Hern\u00e1ndez y el equipo de la Direcci\u00f3n de Vialidad, por el compromiso que hemos tenido de los diferentes actores pol\u00edticos en la regi\u00f3n, el alcalde por el lado del municipio, concejal, el trabajo parlamentario, y el apoyo que tuvimos del diputado Carlos Bianchi en la comisi\u00f3n de presupuesto que permiti\u00f3 definir estos presupuestos ya para la ejecuci\u00f3n de la ley del a\u00f1o 2026.<\/h1>\n\n\n\n<h1 class=\"wp-block-heading\">Por lo tanto, la sumatoria, la conjunci\u00f3n de cada una de las acciones tanto del Ministerio de Obras P\u00fablicas y de los equipos locales, han permitido dar esta buena noticia\u201d.<\/h1>\n\n\n\n<h1 class=\"wp-block-heading\">&nbsp;<\/h1>\n\n\n\n<h1 class=\"wp-block-heading\">Agreg\u00f3 que \u201ces una obra muy esperada que va a otorgar seguridad en el sector, en la v\u00eda, vamos a llegar con iluminaci\u00f3n directamente hasta el aeropuerto, aeropuerto que tambi\u00e9n est\u00e1 constantemente en desarrollo y creemos que vamos a generar no s\u00f3lo seguridad, sino que la percepci\u00f3n para la ciudadan\u00eda, el beneficio general es lo que nosotros esperamos como Ministerio de Obras P\u00fablicas con nuestras obras\u201d.<\/h1>\n\n\n\n<h1 class=\"wp-block-heading\">&nbsp;<\/h1>\n\n\n\n<h1 class=\"wp-block-heading\">El Seremi Jos\u00e9 Luis Hern\u00e1ndez, inform\u00f3 que la iniciativa contempla adem\u00e1s de la iluminaci\u00f3n un mejoramiento vial \u00edntegro de la Ruta 9 Norte, que considerar\u00e1 obras en las caleteras aleda\u00f1as a la v\u00eda y en los caminos que intersecta, colocaci\u00f3n de barreras de contenci\u00f3n y mejoramiento de la se\u00f1al\u00e9tica, destacando que esta obra del Ministerio de Obras P\u00fablicas permitir\u00e1 dotar de mayor seguridad y conectividad vial para los usuarios de la Ruta 9 Norte.<\/h1>\n\n\n\n<h1 class=\"wp-block-heading\">&nbsp;<\/h1>\n\n\n\n<h1 class=\"wp-block-heading\">En la actividad, las autoridades del Gobierno estuvieron acompa\u00f1adas del Diputado Carlos Bianchi y del Concejal Germ\u00e1n Flores, quienes destacaron el compromiso del Ministerio de Obras P\u00fablicas por el cumplimiento del acuerdo junto a la comunidad de publicar la licitaci\u00f3n en diciembre de 2025, con el objetivo de que se inicien las obras en el primer semestre de 2026.<\/h1>\n","protected":false},"excerpt":{"rendered":"<p>Este 11 de diciembre la Direcci\u00f3n de Vialidad del Ministerio de Obras P\u00fablicas, realiz\u00f3 la publicaci\u00f3n en el Diario Oficial de la licitaci\u00f3n para ejecutar el proyecto que dotar\u00e1 de&#8230; <a class=\"read-more\" href=\"https:\/\/www.radiopresidenteibanez.cl\/web\/mop-publica-licitacion-de-proyecto-para-iluminar-la-ruta-hacia-el-aeropuerto-de-punta-arenas\/\">Leer m\u00e1s<\/a><\/p>\n","protected":false},"author":2,"featured_media":60668,"comment_status":"closed","ping_status":"closed","sticky":false,"template":"","format":"standard","meta":{"footnotes":""},"categories":[1],"tags":[],"class_list":["post-60667","post","type-post","status-publish","format-standard","has-post-thumbnail","hentry","category-cronica"],"_links":{"self":[{"href":"https:\/\/www.radiopresidenteibanez.cl\/web\/wp-json\/wp\/v2\/posts\/60667","targetHints":{"allow":["GET"]}}],"collection":[{"href":"https:\/\/www.radiopresidenteibanez.cl\/web\/wp-json\/wp\/v2\/posts"}],"about":[{"href":"https:\/\/www.radiopresidenteibanez.cl\/web\/wp-json\/wp\/v2\/types\/post"}],"author":[{"embeddable":true,"href":"https:\/\/www.radiopresidenteibanez.cl\/web\/wp-json\/wp\/v2\/users\/2"}],"replies":[{"embeddable":true,"href":"https:\/\/www.radiopresidenteibanez.cl\/web\/wp-json\/wp\/v2\/comments?post=60667"}],"version-history":[{"count":0,"href":"https:\/\/www.radiopresidenteibanez.cl\/web\/wp-json\/wp\/v2\/posts\/60667\/revisions"}],"wp:featuredmedia":[{"embeddable":true,"href":"https:\/\/www.radiopresidenteibanez.cl\/web\/wp-json\/wp\/v2\/media\/60668"}],"wp:attachment":[{"href":"https:\/\/www.radiopresidenteibanez.cl\/web\/wp-json\/wp\/v2\/media?parent=60667"}],"wp:term":[{"taxonomy":"category","embeddable":true,"href":"https:\/\/www.radiopresidenteibanez.cl\/web\/wp-json\/wp\/v2\/categories?post=60667"},{"taxonomy":"post_tag","embeddable":true,"href":"https:\/\/www.radiopresidenteibanez.cl\/web\/wp-json\/wp\/v2\/tags?post=60667"}],"curies":[{"name":"wp","href":"https:\/\/api.w.org\/{rel}","templated":true}]}}