{"id":60664,"date":"2025-12-15T10:25:00","date_gmt":"2025-12-15T13:25:00","guid":{"rendered":"https:\/\/www.radiopresidenteibanez.cl\/web\/?p=60664"},"modified":"2025-12-15T09:51:47","modified_gmt":"2025-12-15T12:51:47","slug":"comite-de-desarrollo-productivo-magallanes-cierra-su-primer-ano-de-implementacion-con-1-162-beneficiarios","status":"publish","type":"post","link":"https:\/\/www.radiopresidenteibanez.cl\/web\/comite-de-desarrollo-productivo-magallanes-cierra-su-primer-ano-de-implementacion-con-1-162-beneficiarios\/","title":{"rendered":"Comit\u00e9 de Desarrollo Productivo Magallanes cierra su primer a\u00f1o de implementaci\u00f3n con\u00a01.162 beneficiarios"},"content":{"rendered":"\n<p>En esta \u00faltima sesi\u00f3n del&nbsp;<strong>Consejo Pleno del Comit\u00e9 de Desarrollo Productivo Regional -CDPR<\/strong><strong>,&nbsp;<\/strong>una iniciativade&nbsp;<strong>Corfo y Sercotec<\/strong>, presidida por el<strong>&nbsp;Gobierno Regional de Magallanes y de la Ant\u00e1rtica Chilena<\/strong><strong>,<\/strong>&nbsp;se realiz\u00f3 un balance de los principales logros y resultados del primer a\u00f1o de ejecuci\u00f3n del Comit\u00e9.<\/p>\n\n\n\n<p>En la oportunidad, se inform\u00f3 que, en el marco de las diferentes l\u00edneas de apoyo de ambas instituciones, se benefici\u00f3 a 1.162 emprendedores, micro, peque\u00f1as y medianas empresas de la regi\u00f3n, lo que se traduce en un total de $ 1.876.599.226 millones de pesos.<\/p>\n\n\n\n<p>Los beneficiarios corresponden principalmente al \u00e1mbito de&nbsp;<strong>fomento productivo<\/strong>, aunque tambi\u00e9n se incorporaron iniciativas de&nbsp;<strong>emprendimiento e innovaci\u00f3n<\/strong>, con cobertura en las cuatro provincias de la regi\u00f3n. En cuanto a los sectores productivos, la mayor\u00eda de los proyectos est\u00e1 vinculada a&nbsp;<strong>Alimentos<\/strong>y<strong>Turismo<\/strong>,junto con una nueva categor\u00eda orientada al&nbsp;<strong>uso de Inteligencia Artificial<\/strong>. Dentro de esta \u00faltima destaca un proyecto desarrollado en la comuna de&nbsp;<strong>Porvenir<\/strong>, que consiste en una plataforma para la administraci\u00f3n de contratos.<\/p>\n\n\n\n<p>A lo anterior, se suman los programas de Sercotec, como Crece, Capital Semilla Emprende, Capital Abeja Emprende, entre otros.<\/p>\n\n\n\n<p>El CDP Magallanes y de la Ant\u00e1rtica Chilena, es liderado por el Gobernador Regional, Jorge Flies, quien cumple el rol de Presidente. Al respecto, la m\u00e1xima autoridad regional destac\u00f3 los avances logrados en este primer a\u00f1o de implementaci\u00f3n del Comit\u00e9, subrayando que la competencia traspasada al Gobierno Regional ha permitido fortalecer el fomento productivo mediante un trabajo articulado entre el sector p\u00fablico, privado, gremial y la Academia. \u201cGracias a una priorizaci\u00f3n colegiada, se ha logrado una distribuci\u00f3n territorial m\u00e1s equitativa de los recursos, pasando de un 93% concentrado en Punta Arenas y Natales en 2023, a cerca de un 25% destinado hoy a otras comunas y provincias\u201d.<\/p>\n\n\n\n<p>Por su parte, la directora de Corfo Magallanes, Mar\u00eda Jos\u00e9 Navajas, en su rol de directora ejecutiva del Comit\u00e9, se\u00f1al\u00f3 \u201cEl presupuesto 2026, aprobado por unanimidad, confirma que cuando la regi\u00f3n asume plenamente sus decisiones, con datos, di\u00e1logo y visi\u00f3n de futuro, la descentralizaci\u00f3n deja huella y se convierte en resultados verificables. Este a\u00f1o dimos un paso decisivo hacia un desarrollo m\u00e1s equilibrado para todo el territorio y, para el pr\u00f3ximo, establecimos prioridades claras en los ejes estrat\u00e9gicos definidos por la propia regi\u00f3n: alimentos, turismo, Ant\u00e1rtica y energ\u00eda, adem\u00e1s de \u00e1mbitos transversales como log\u00edstica, encadenamientos productivos y capital humano. Esta agenda estrat\u00e9gica, potenciada por la diversidad de miradas y experiencias que conviven en el Comit\u00e9, marca una direcci\u00f3n compartida y nos permite orientar los recursos hacia los sectores que realmente mover\u00e1n el futuro productivo de Magallanes\u201d.<\/p>\n\n\n\n<p>En tanto, Natasha Alarc\u00f3n, directora de Sercotec y Presidenta del Subcomit\u00e9 de Fomento Productivo, destac\u00f3 la importancia de la participaci\u00f3n de su servicio en el Comit\u00e9 de Desarrollo Productivo Regional. \u201cLa instalaci\u00f3n del CDPR representa un avance significativo e hist\u00f3rico en materia de descentralizaci\u00f3n. Este espacio permite que los actores p\u00fablicos y privados vinculados al fomento productivo conozcan de primera fuente la inversi\u00f3n de nuestros programas, nos orienten desde su experiencia y participen activamente en la toma de decisiones que impulsan el desarrollo econ\u00f3mico de la regi\u00f3n. Sin duda, a\u00fan queda camino por recorrer, pero este paso reafirma nuestro compromiso c\u00f3mo Sercotec con un modelo de gesti\u00f3n m\u00e1s cercano al territorio, m\u00e1s participativo y m\u00e1s alineado con las necesidades reales de Magallanes\u201d.<\/p>\n\n\n\n<p><strong>Coordinaci\u00f3n interinstitucional para fortalecer el desarrollo regional<\/strong><\/p>\n\n\n\n<p>En la sesi\u00f3n se acord\u00f3 impulsar, de cara al pr\u00f3ximo Pleno del CDPR, una propuesta de coordinaci\u00f3n y levantamiento&nbsp;de informaci\u00f3n que permita a los distintos servicios de fomento de la regi\u00f3n visibilizar de manera integrada los recursos con que cuentan, sus objetivos y su despliegue territorial. Este ejercicio busca fortalecer una mirada compartida del desarrollo regional, favoreciendo una asignaci\u00f3n de recursos del CDPR que dialogue de forma arm\u00f3nica y complementaria con los esfuerzos sectoriales y con la inversi\u00f3n del Gobierno Regional, maximizando as\u00ed su impacto en el territorio de Magallanes.<\/p>\n\n\n\n<p>En relaci\u00f3n a esta coordinaci\u00f3n interinstitucional, el Gobernador Regional se\u00f1al\u00f3 \u201cLa mesa ha permitido identificar necesidades estrat\u00e9gicas, como consolidar informaci\u00f3n de todos los programas de fomento \u2014Corfo, Sercotec, Indap, Indespa, Fosis e INIA, entre otros\u2014 lo que ofrece una visi\u00f3n integral del desarrollo productivo regional. Valor\u00f3 que este modelo, \u00faltimo en constituirse en el pa\u00eds, ya muestra resultados concretos y permitir\u00e1 detectar brechas para seguir fortaleciendo el proceso productivo en Magallanes\u201d.<\/p>\n\n\n\n<p><strong>CDPR Magallanes y de la Ant\u00e1rtica Chilena<\/strong><\/p>\n\n\n\n<p>En este organismo, que se puso en marcha en marzo del 2025, participan diversos actores p\u00fablicos, privados, gremios y de la academia, con atribuciones delegadas para la toma de decisiones en materia de gesti\u00f3n presupuestaria y de asignaci\u00f3n de fondos.&nbsp;&nbsp; Su funci\u00f3n es promover y apoyar el desarrollo econ\u00f3mico y productivo regional, con especial foco en mejorar las capacidades y oportunidades para que emprendedores\/as, empresas y redes productivas locales, desarrollen sus proyectos de negocios y mejoren su productividad.<\/p>\n","protected":false},"excerpt":{"rendered":"<p>En esta \u00faltima sesi\u00f3n del&nbsp;Consejo Pleno del Comit\u00e9 de Desarrollo Productivo Regional -CDPR,&nbsp;una iniciativade&nbsp;Corfo y Sercotec, presidida por el&nbsp;Gobierno Regional de Magallanes y de la Ant\u00e1rtica Chilena,&nbsp;se realiz\u00f3 un balance&#8230; <a class=\"read-more\" href=\"https:\/\/www.radiopresidenteibanez.cl\/web\/comite-de-desarrollo-productivo-magallanes-cierra-su-primer-ano-de-implementacion-con-1-162-beneficiarios\/\">Leer m\u00e1s<\/a><\/p>\n","protected":false},"author":2,"featured_media":60665,"comment_status":"closed","ping_status":"closed","sticky":false,"template":"","format":"standard","meta":{"footnotes":""},"categories":[1],"tags":[],"class_list":["post-60664","post","type-post","status-publish","format-standard","has-post-thumbnail","hentry","category-cronica"],"_links":{"self":[{"href":"https:\/\/www.radiopresidenteibanez.cl\/web\/wp-json\/wp\/v2\/posts\/60664","targetHints":{"allow":["GET"]}}],"collection":[{"href":"https:\/\/www.radiopresidenteibanez.cl\/web\/wp-json\/wp\/v2\/posts"}],"about":[{"href":"https:\/\/www.radiopresidenteibanez.cl\/web\/wp-json\/wp\/v2\/types\/post"}],"author":[{"embeddable":true,"href":"https:\/\/www.radiopresidenteibanez.cl\/web\/wp-json\/wp\/v2\/users\/2"}],"replies":[{"embeddable":true,"href":"https:\/\/www.radiopresidenteibanez.cl\/web\/wp-json\/wp\/v2\/comments?post=60664"}],"version-history":[{"count":0,"href":"https:\/\/www.radiopresidenteibanez.cl\/web\/wp-json\/wp\/v2\/posts\/60664\/revisions"}],"wp:featuredmedia":[{"embeddable":true,"href":"https:\/\/www.radiopresidenteibanez.cl\/web\/wp-json\/wp\/v2\/media\/60665"}],"wp:attachment":[{"href":"https:\/\/www.radiopresidenteibanez.cl\/web\/wp-json\/wp\/v2\/media?parent=60664"}],"wp:term":[{"taxonomy":"category","embeddable":true,"href":"https:\/\/www.radiopresidenteibanez.cl\/web\/wp-json\/wp\/v2\/categories?post=60664"},{"taxonomy":"post_tag","embeddable":true,"href":"https:\/\/www.radiopresidenteibanez.cl\/web\/wp-json\/wp\/v2\/tags?post=60664"}],"curies":[{"name":"wp","href":"https:\/\/api.w.org\/{rel}","templated":true}]}}