{"id":60661,"date":"2025-12-15T09:13:00","date_gmt":"2025-12-15T12:13:00","guid":{"rendered":"https:\/\/www.radiopresidenteibanez.cl\/web\/?p=60661"},"modified":"2025-12-15T08:57:47","modified_gmt":"2025-12-15T11:57:47","slug":"funcionarios-de-reinsercion-social-se-capacitaron-en-tematicas-de-migracion-con-enfoque-de-derechos","status":"publish","type":"post","link":"https:\/\/www.radiopresidenteibanez.cl\/web\/funcionarios-de-reinsercion-social-se-capacitaron-en-tematicas-de-migracion-con-enfoque-de-derechos\/","title":{"rendered":"FUNCIONARIOS DE REINSERCI\u00d3N SOCIAL SE CAPACITARON EN TEMATICAS DE MIGRACI\u00d3N CON ENFOQUE DE DERECHOS"},"content":{"rendered":"\n<p>&nbsp;Los j\u00f3venes migrantes privados de libertad que provienen de pa\u00edses extranjeros, y que son atendidos por el Servicio de Reinserci\u00f3n Social Juvenil de Magallanes, exhiben una alta vulnerabilidad, experimentando adem\u00e1s falta de oportunidades y mayores dificultades de adaptaci\u00f3n, discriminaci\u00f3n y en algunos casos la desintegraci\u00f3n familiar.<\/p>\n\n\n\n<p>Ante esta realidad, el Servicio de Reinserci\u00f3n Social Juvenil, con el objetivo de entregar un mejor acompa\u00f1amiento y asegurar la reinserci\u00f3n social de estos j\u00f3venes en conflicto con enfoque de derechos, coordin\u00f3 una jornada de capacitaci\u00f3n en la cual participaron profesionales del Servicio de Migraciones \u2013 SERMIG &#8211; y del Instituto de Derechos Humanos \u2013 INDH, instancia en la cual se abordaron las necesidades migratorias y de justicia juvenil de estos usuarios.&nbsp;<\/p>\n\n\n\n<p>En la capacitaci\u00f3n particip\u00f3 la abogada del Servicio de Migraciones, Danna Garbarino y la profesional del INDH, Marlis Saldivia; adem\u00e1s de la abogada y jefa de la Unidad de Coordinaci\u00f3n Jur\u00eddica de Servicio de Reinserci\u00f3n Social Juvenil, Lorena Pereira. Las profesionales capacitaron a los equipos jur\u00eddicos, encargados de medidas y sanciones, de redes, tutores y directivos del Centro de Cumplimiento Juvenil, de la Direcci\u00f3n Regional y del organismo acreditado Corporaci\u00f3n Opci\u00f3n.<\/p>\n\n\n\n<p>Esta actividad es fruto de los compromisos asumidos en el seno del Comit\u00e9 Operativo Regional de Justicia (COR) que se materializ\u00f3 en una mesa de trabajo bilateral y permanente que avanzar\u00e1 en un programa de trabajo para facilitar el registro de identidad de j\u00f3venes en conflicto con la justicia, as\u00ed como tambi\u00e9n avanzar en la regularizaci\u00f3n migratoria de j\u00f3venes que ingresen al Servicio de Reinserci\u00f3n.<\/p>\n\n\n\n<p>Como lo destac\u00f3&nbsp;<strong>C\u00e9sar Montiel, Director Regional del Servicio de Reinserci\u00f3n Social Juvenil de Magallanes<\/strong>, \u201cnuestra preocupaci\u00f3n como Servicio de Reinserci\u00f3n es acompa\u00f1ar a los j\u00f3venes que cometen una sanci\u00f3n, a trav\u00e9s de un plan de intervenci\u00f3n que busque su integraci\u00f3n social, pero que dada la realidad migratoria actual, hemos tenido que incluir una mirada que tambi\u00e9n considere no s\u00f3lo la alta vulnerabilidad que viven los j\u00f3venes que provienen de otros pa\u00edses sino que tambi\u00e9n considerar la gran dificultad para reintegrarse en un sistema social y legal que no siempre comprende sus realidades espec\u00edficas. A trav\u00e9s de este trabajo coordinado con el Sermig e INDH buscamos entregar tambi\u00e9n un acompa\u00f1amiento que incorpore los est\u00e1ndares internacionales en derechos humanos en materia migratoria, evitando que la irregularidad se convierta en un factor de mayor vulnerabilidad y exclusi\u00f3n\u201d.<\/p>\n\n\n\n<p>Este trabajo forma parte del Plan de Acci\u00f3n Regional, resultado del trabajo llevado a cabo por el Comit\u00e9 Operativo Regional (COR) de Justicia, que coordina la Seremi de Justicia y Derechos Humanos, y que tiene como objetivo coordinar acciones intersectoriales para apoyar a j\u00f3venes en conflicto con la ley.<\/p>\n","protected":false},"excerpt":{"rendered":"<p>&nbsp;Los j\u00f3venes migrantes privados de libertad que provienen de pa\u00edses extranjeros, y que son atendidos por el Servicio de Reinserci\u00f3n Social Juvenil de Magallanes, exhiben una alta vulnerabilidad, experimentando adem\u00e1s&#8230; <a class=\"read-more\" href=\"https:\/\/www.radiopresidenteibanez.cl\/web\/funcionarios-de-reinsercion-social-se-capacitaron-en-tematicas-de-migracion-con-enfoque-de-derechos\/\">Leer m\u00e1s<\/a><\/p>\n","protected":false},"author":2,"featured_media":60662,"comment_status":"closed","ping_status":"closed","sticky":false,"template":"","format":"standard","meta":{"footnotes":""},"categories":[1],"tags":[],"class_list":["post-60661","post","type-post","status-publish","format-standard","has-post-thumbnail","hentry","category-cronica"],"_links":{"self":[{"href":"https:\/\/www.radiopresidenteibanez.cl\/web\/wp-json\/wp\/v2\/posts\/60661","targetHints":{"allow":["GET"]}}],"collection":[{"href":"https:\/\/www.radiopresidenteibanez.cl\/web\/wp-json\/wp\/v2\/posts"}],"about":[{"href":"https:\/\/www.radiopresidenteibanez.cl\/web\/wp-json\/wp\/v2\/types\/post"}],"author":[{"embeddable":true,"href":"https:\/\/www.radiopresidenteibanez.cl\/web\/wp-json\/wp\/v2\/users\/2"}],"replies":[{"embeddable":true,"href":"https:\/\/www.radiopresidenteibanez.cl\/web\/wp-json\/wp\/v2\/comments?post=60661"}],"version-history":[{"count":0,"href":"https:\/\/www.radiopresidenteibanez.cl\/web\/wp-json\/wp\/v2\/posts\/60661\/revisions"}],"wp:featuredmedia":[{"embeddable":true,"href":"https:\/\/www.radiopresidenteibanez.cl\/web\/wp-json\/wp\/v2\/media\/60662"}],"wp:attachment":[{"href":"https:\/\/www.radiopresidenteibanez.cl\/web\/wp-json\/wp\/v2\/media?parent=60661"}],"wp:term":[{"taxonomy":"category","embeddable":true,"href":"https:\/\/www.radiopresidenteibanez.cl\/web\/wp-json\/wp\/v2\/categories?post=60661"},{"taxonomy":"post_tag","embeddable":true,"href":"https:\/\/www.radiopresidenteibanez.cl\/web\/wp-json\/wp\/v2\/tags?post=60661"}],"curies":[{"name":"wp","href":"https:\/\/api.w.org\/{rel}","templated":true}]}}