{"id":60658,"date":"2025-12-15T08:46:43","date_gmt":"2025-12-15T11:46:43","guid":{"rendered":"https:\/\/www.radiopresidenteibanez.cl\/web\/?p=60658"},"modified":"2025-12-15T08:46:57","modified_gmt":"2025-12-15T11:46:57","slug":"2009-2025-la-alternancia-en-chile","status":"publish","type":"post","link":"https:\/\/www.radiopresidenteibanez.cl\/web\/2009-2025-la-alternancia-en-chile\/","title":{"rendered":"2009 \u2013 2025: La alternancia en Chile"},"content":{"rendered":"\n<p>Este domingo ha concluido en Chile un gran ciclo de procesos electorales iniciado en el a\u00f1o 2020 con el<br>primer proceso constitucional y concluye con la elecci\u00f3n presidencial 2025. Visto en retrospectiva un calendario electoral que nos tuvo concurriendo constantemente a las urnas. Un proceso agotador cuyos efectos en la masa ciudadana no se ha analizado suficientemente. Una se\u00f1al de la lejan\u00eda de la clase pol\u00edtica de los electores, al haber decidido un calendario de votaciones tan exigente, y luego haber repuesto el voto obligatorio, sin prever el hast\u00edo y el agotamiento de los electores.<br>Pero estos son aspectos meramente procedimentales, que no desmerecen en lo m\u00e1s m\u00ednimo el demoledor resultado de la segunda vuelta presidencial. Como anticiparon todas las encuestas, se impuso el candidato del sector conservador Jos\u00e9 Antonio Kast por sobre la candidata del progresismo Jeannette Jara. Como nunca antes, los vilipendiados estudios de opini\u00f3n acertaron tanto en el resultado como en la magnitud del mismo, donde siempre se anticip\u00f3 un resultado de 60% versus 40%. Si bien algunos m\u00e1s osados aventuraron un resultado similar al primer plebiscito de salida, donde el progresismo obtuvo un 38%. El resultado de Jeannette Jara mejor\u00f3 un par de puntos esa performance, pero no logr\u00f3 superarlo sustancialmente.<br>Como lo hemos referido en columnas anteriores, en Chile desde la elecci\u00f3n presidencial de 2009 en que se impuso el difunto presidente Pi\u00f1era, hasta esta de 2025, se han alternado en el triunfo los sectores progresista y conservador. El \u00faltimo presidente que logr\u00f3 entregar la banda presidencial a una representante de su propio sector, fue el presidente Ricardo Lagos en el a\u00f1o 2006, que la entreg\u00f3 a la presidenta Michelle Bachelet en su primer mandato. A partir de all\u00ed, en 2010 la presidenta Bachelet debi\u00f3 entregar la banda al presidente Pi\u00f1era. Luego \u00e9ste le entreg\u00f3 la banda a la presidenta Bachelet en 2014, y luego ella la entreg\u00f3 por segunda vez al presidente Pi\u00f1era en<\/p>\n\n\n\n<ol start=\"2018\" class=\"wp-block-list\">\n<li>Habr\u00e1 que esperar hasta 2022 para que en el elenco de presidentes surja un nuevo nombre. All\u00ed el presidente<br>Pi\u00f1era entreg\u00f3 la banda a Gabriel Boric, primer presidente del progresismo que no proviene de la ex Concertaci\u00f3n de<br>Partidos por la Democracia.<br>El ciclo de alternancia se consolida pr\u00e1cticamente como una caracter\u00edstica constitutiva de la democracia<br>chilena. En marzo de 2026 el presidente Boric le entregar\u00e1 la banda presidencial a Jos\u00e9 Antonio Kast, el pol\u00edtico<br>conservador m\u00e1s votado, y el presidente con el mayor caudal de votos obtenido en la historia electoral chilena, en<br>virtud al voto obligatorio. Ser\u00e1 primera vez que un representante pol\u00edtico del sector m\u00e1s duro de la derecha se alza<br>con el triunfo.<br>La campa\u00f1a electoral de 2025 se caracteriz\u00f3 por su rudeza, con acusaciones cruzadas de todo tipo, y una<br>gran cantidad de promesas de campa\u00f1a. Las propuestas m\u00e1s vistosas que se efectuaron, son las relativas a la<br>delincuencia, a la inmigraci\u00f3n irregular y al crecimiento econ\u00f3mico. Tras el holgado triunfo y con la cabeza fr\u00eda<br>llegar\u00e1 el momento de definir las cifras concretas de estos compromisos, y la compleja tarea de construcci\u00f3n de<br>equipos del nuevo gobierno.<br>El progresismo deber\u00e1 lamer sus heridas, y ojal\u00e1 hacer esa autocritica pendiente ya muchos a\u00f1os. La<br>responsabilidad con cerca del 42% del electorado del pa\u00eds que respald\u00f3 al proyecto progresista, obliga a hacer una<br>oposici\u00f3n constructiva, leal con Chile y respetuosa del dictamen de la ciudadan\u00eda.<br>El progresismo sell\u00f3 su declive en 2017 cuando no apoy\u00f3 la candidatura del presidente Ricardo Lagos, ese<br>fue el error de diagn\u00f3stico m\u00e1s grande en el \u00e1mbito presidencial. El desgrane y desangramiento del centro pol\u00edtico<br>iniciado all\u00ed, se profundiz\u00f3 en 2021, y el insospechado triunfo electoral de Gabriel Boric, s\u00f3lo posterg\u00f3 el an\u00e1lisis. De<br>alg\u00fan modo la integraci\u00f3n de una coalici\u00f3n con un nuevo eje hegem\u00f3nico fuera de la centro izquierda, fue un<br>placebo pol\u00edtico que evit\u00f3 hacer la necesaria autocr\u00edtica.<br>Los gobiernos de cuatro a\u00f1os son extremadamente breves para realizar cambios profundos, e incluso son<br>breves para consolidar una agenda legislativa de corto plazo. El nuevo gobierno conservador va a tener mayor\u00eda en la<br>c\u00e1mara de diputados, pero no en el Senado, lo que es una buena noticia para la estabilidad institucional. As\u00ed como el<br>gobierno de Gabriel Boric no pudo cumplir su promesa de hacer grandes transformaciones sociales y ser la tumba<br>del neo liberalismo, tampoco Jos\u00e9 Antonio Kast podr\u00e1 realizar un cambio radical, sino s\u00f3lo la agenda legislativa que<br>obtenga las mayor\u00edas necesarias.<\/li>\n<\/ol>\n\n\n\n<p>Ahora que la elecci\u00f3n ya pas\u00f3, estar\u00eda bueno sincerar las cosas. Ni el proyecto del progresismo pretend\u00eda<br>instalar un gobierno filo sovi\u00e9tico, ni la propuesta del sector conservador consideraba regresar al Chile de los a\u00f1os 80\u2019. Ambas alternativas pol\u00edticas representan enfoques distintos, dentro del sistema econ\u00f3mico de libre mercado.<br>Tambi\u00e9n ser\u00e1 el momento de reconocer que los indicadores macro econ\u00f3micos del pa\u00eds corresponden a una econom\u00eda estable, con la inflaci\u00f3n contenida, el desempleo a la baja, y una proyecci\u00f3n de crecimiento econ\u00f3mico para 2026 con crecimiento moderado pero sostenido. No es cierto que Chile se cae a pedazos, ya desde La Moneda,<br>el sector conservador debe asumir con responsabilidad, las condiciones reales del pa\u00eds, para poder trazar el destino de desarrollo y progreso, que tanto el mundo progresista como el conservador desean para Chile.<br>No debemos dar jam\u00e1s por sentada la democracia y nuestro estado de derecho, los avances conseguidos<br>desde 1990 deben llenarnos de orgullo. Somos un pa\u00eds ejemplar, que hace una elecci\u00f3n con m\u00e1s de 13 millones de participantes, y en menos de dos horas de terminada, se publican sus resultados. Resultados que son respetados y no cuestionados por ning\u00fan sector. Si pensamos que en Honduras votaron hace dos semanas y aun no terminan de escrutar los votos, lo que Chile hace elecci\u00f3n a elecci\u00f3n es un \u00e9xito notable de una instituci\u00f3n p\u00fablica que es el Servicio Electoral. Un orgullo que debe reconocerse y destacarse.<br>Afortunadamente la campa\u00f1a electoral ya concluy\u00f3, y constituye un gran ep\u00edlogo ver al presidente de la<br>rep\u00fablica llamar por tel\u00e9fono al presidente electo, donde felicita el triunfo y compromete la colaboraci\u00f3n para un traspaso ordenado del poder, e invita al presidente electo a La Moneda. Estos gestos republicanos son los que fortalecen la unidad nacional, y son los hilos que tejen el entramado complejo de nuestra sociedad. Las urnas hablaron, y el pa\u00eds vuelve a girar a la alternancia, s\u00f3lo queda dar lo mejor de cada uno, desde el lugar en que nos encontremos en cada rinc\u00f3n de la patria. Ese es el deber c\u00edvico y la conducta responsable y consecuente con las ideas de progreso y justicia social que profesamos.<br>Ernesto Sep\u00falveda Tornero<\/p>\n","protected":false},"excerpt":{"rendered":"<p>Este domingo ha concluido en Chile un gran ciclo de procesos electorales iniciado en el a\u00f1o 2020 con elprimer proceso constitucional y concluye con la elecci\u00f3n presidencial 2025. Visto en&#8230; <a class=\"read-more\" href=\"https:\/\/www.radiopresidenteibanez.cl\/web\/2009-2025-la-alternancia-en-chile\/\">Leer m\u00e1s<\/a><\/p>\n","protected":false},"author":2,"featured_media":60659,"comment_status":"closed","ping_status":"closed","sticky":false,"template":"","format":"standard","meta":{"footnotes":""},"categories":[1],"tags":[],"class_list":["post-60658","post","type-post","status-publish","format-standard","has-post-thumbnail","hentry","category-cronica"],"_links":{"self":[{"href":"https:\/\/www.radiopresidenteibanez.cl\/web\/wp-json\/wp\/v2\/posts\/60658","targetHints":{"allow":["GET"]}}],"collection":[{"href":"https:\/\/www.radiopresidenteibanez.cl\/web\/wp-json\/wp\/v2\/posts"}],"about":[{"href":"https:\/\/www.radiopresidenteibanez.cl\/web\/wp-json\/wp\/v2\/types\/post"}],"author":[{"embeddable":true,"href":"https:\/\/www.radiopresidenteibanez.cl\/web\/wp-json\/wp\/v2\/users\/2"}],"replies":[{"embeddable":true,"href":"https:\/\/www.radiopresidenteibanez.cl\/web\/wp-json\/wp\/v2\/comments?post=60658"}],"version-history":[{"count":0,"href":"https:\/\/www.radiopresidenteibanez.cl\/web\/wp-json\/wp\/v2\/posts\/60658\/revisions"}],"wp:featuredmedia":[{"embeddable":true,"href":"https:\/\/www.radiopresidenteibanez.cl\/web\/wp-json\/wp\/v2\/media\/60659"}],"wp:attachment":[{"href":"https:\/\/www.radiopresidenteibanez.cl\/web\/wp-json\/wp\/v2\/media?parent=60658"}],"wp:term":[{"taxonomy":"category","embeddable":true,"href":"https:\/\/www.radiopresidenteibanez.cl\/web\/wp-json\/wp\/v2\/categories?post=60658"},{"taxonomy":"post_tag","embeddable":true,"href":"https:\/\/www.radiopresidenteibanez.cl\/web\/wp-json\/wp\/v2\/tags?post=60658"}],"curies":[{"name":"wp","href":"https:\/\/api.w.org\/{rel}","templated":true}]}}