{"id":60653,"date":"2025-12-12T18:39:00","date_gmt":"2025-12-12T21:39:00","guid":{"rendered":"https:\/\/www.radiopresidenteibanez.cl\/web\/?p=60653"},"modified":"2025-12-12T11:39:39","modified_gmt":"2025-12-12T14:39:39","slug":"minciencia-invita-a-instituciones-privadas-a-inscribirse-en-nomina-que-las-habilita-como-receptora-de-recursos-frpd-2026","status":"publish","type":"post","link":"https:\/\/www.radiopresidenteibanez.cl\/web\/minciencia-invita-a-instituciones-privadas-a-inscribirse-en-nomina-que-las-habilita-como-receptora-de-recursos-frpd-2026\/","title":{"rendered":"MinCiencia invita a instituciones privadas a inscribirse en n\u00f3mina que las habilita como receptora de recursos FRPD 2026"},"content":{"rendered":"\n<p>El Ministerio de Ciencia, Tecnolog\u00eda, Conocimiento e Innovaci\u00f3n informa que ya se encuentra disponible el proceso de inscripci\u00f3n de instituciones privadas sin fines de lucro para integrar la n\u00f3mina habilitante del Fondo Regional para la Productividad y el Desarrollo (FRPD). Este es un instrumento destinado a fortalecer el desarrollo productivo y las capacidades cient\u00edficas, tecnol\u00f3gicas e innovadoras en las regiones del pa\u00eds.<\/p>\n\n\n\n<p>Ser parte de esta n\u00f3mina habilitante es un requisito indispensable para que instituciones privadas puedan participar en los concursos FRPD que ser\u00e1n ejecutados por los Gobiernos Regionales durante el pr\u00f3ximo a\u00f1o.<\/p>\n\n\n\n<p>\u201cHago el llamado a todas las instituciones privadas que hoy est\u00e1n en la lista de la Resoluci\u00f3n 33 del a\u00f1o 2024 de la Subsecretar\u00eda de Ciencia -que perder\u00e1 su vigencia producto de esta convocatoria-, y a todas las organizaciones privadas, fundaciones, corporaciones y empresas de la regi\u00f3n, que tienen vocaci\u00f3n o vinculan su quehacer a la ciencia, la tecnolog\u00eda, los conocimientos o la innovaci\u00f3n, para que se inscriban en esta n\u00f3mina, de manera que puedan optar a financiamiento desde el Gobierno Regional de Magallanes y de la Ant\u00e1rtica Chilena\u201d, se\u00f1al\u00f3 la seremi de Ciencia Ver\u00f3nica Vallejos.<\/p>\n\n\n\n<p>La autoridad indic\u00f3 que estos fondos, que provienen de la Ley del Royalty, absorbieron a los antiguos FIC (Fondo de Innovaci\u00f3n para la Competitividad) -que hoy ya no existen-, y es una convocatoria que se desarrolla en conjunto con la Subsecretar\u00eda de Econom\u00eda y Empresas de Menor Tama\u00f1o.La inscripci\u00f3n en la n\u00f3mina es p\u00fablica y gratuita, y estar\u00e1 disponible hasta las 23:59 horas del 15 de diciembre en la plataforma&nbsp;<a href=\"https:\/\/fondos.gob.cl\/ficha\/ciencia-economia\/frpd2026\/\" target=\"_blank\" rel=\"noreferrer noopener\">fondos.gob.cl<\/a>.&nbsp;<\/p>\n","protected":false},"excerpt":{"rendered":"<p>El Ministerio de Ciencia, Tecnolog\u00eda, Conocimiento e Innovaci\u00f3n informa que ya se encuentra disponible el proceso de inscripci\u00f3n de instituciones privadas sin fines de lucro para integrar la n\u00f3mina habilitante&#8230; <a class=\"read-more\" href=\"https:\/\/www.radiopresidenteibanez.cl\/web\/minciencia-invita-a-instituciones-privadas-a-inscribirse-en-nomina-que-las-habilita-como-receptora-de-recursos-frpd-2026\/\">Leer m\u00e1s<\/a><\/p>\n","protected":false},"author":2,"featured_media":60654,"comment_status":"closed","ping_status":"closed","sticky":false,"template":"","format":"standard","meta":{"footnotes":""},"categories":[1],"tags":[],"class_list":["post-60653","post","type-post","status-publish","format-standard","has-post-thumbnail","hentry","category-cronica"],"_links":{"self":[{"href":"https:\/\/www.radiopresidenteibanez.cl\/web\/wp-json\/wp\/v2\/posts\/60653","targetHints":{"allow":["GET"]}}],"collection":[{"href":"https:\/\/www.radiopresidenteibanez.cl\/web\/wp-json\/wp\/v2\/posts"}],"about":[{"href":"https:\/\/www.radiopresidenteibanez.cl\/web\/wp-json\/wp\/v2\/types\/post"}],"author":[{"embeddable":true,"href":"https:\/\/www.radiopresidenteibanez.cl\/web\/wp-json\/wp\/v2\/users\/2"}],"replies":[{"embeddable":true,"href":"https:\/\/www.radiopresidenteibanez.cl\/web\/wp-json\/wp\/v2\/comments?post=60653"}],"version-history":[{"count":0,"href":"https:\/\/www.radiopresidenteibanez.cl\/web\/wp-json\/wp\/v2\/posts\/60653\/revisions"}],"wp:featuredmedia":[{"embeddable":true,"href":"https:\/\/www.radiopresidenteibanez.cl\/web\/wp-json\/wp\/v2\/media\/60654"}],"wp:attachment":[{"href":"https:\/\/www.radiopresidenteibanez.cl\/web\/wp-json\/wp\/v2\/media?parent=60653"}],"wp:term":[{"taxonomy":"category","embeddable":true,"href":"https:\/\/www.radiopresidenteibanez.cl\/web\/wp-json\/wp\/v2\/categories?post=60653"},{"taxonomy":"post_tag","embeddable":true,"href":"https:\/\/www.radiopresidenteibanez.cl\/web\/wp-json\/wp\/v2\/tags?post=60653"}],"curies":[{"name":"wp","href":"https:\/\/api.w.org\/{rel}","templated":true}]}}