{"id":60650,"date":"2025-12-12T17:28:00","date_gmt":"2025-12-12T20:28:00","guid":{"rendered":"https:\/\/www.radiopresidenteibanez.cl\/web\/?p=60650"},"modified":"2025-12-12T11:32:56","modified_gmt":"2025-12-12T14:32:56","slug":"delegacion-presidencial-de-tierra-del-fuego-cumple-compromiso-del-presidente-gabriel-boric-con-estudiante-de-pampa-guanaco","status":"publish","type":"post","link":"https:\/\/www.radiopresidenteibanez.cl\/web\/delegacion-presidencial-de-tierra-del-fuego-cumple-compromiso-del-presidente-gabriel-boric-con-estudiante-de-pampa-guanaco\/","title":{"rendered":"Delegaci\u00f3n Presidencial de Tierra del Fuego cumple compromiso del Presidente Gabriel Boric con estudiante de Pampa Guanaco"},"content":{"rendered":"\n<p>La Delegaci\u00f3n Presidencial Provincial de Tierra del Fuego realiz\u00f3 una significativa visita a la Escuela<br>de Pampa Guanaco, en la comuna de Timaukel, para entregar el libro que el Presidente Gabriel Boric<br>prometi\u00f3 a Aline Bernales Lastra, estudiante de s\u00e9ptimo b\u00e1sico del establecimiento.<br>El compromiso surgi\u00f3 durante la \u00faltima gira del Mandatario por la Regi\u00f3n de Magallanes, cuando<br>visit\u00f3 Pampa Guanaco, futura capital comunal. En la actividad, Aline interpret\u00f3 dos canciones, entre<br>ellas una de Violeta Parra, lo que emocion\u00f3 al Presidente y motiv\u00f3 que le ofreciera el libro Violeta<br>Parra: Instantes Fecundos, Visiones, Retazos de Memoria, que estaba leyendo sobre la artista<br>nacional.<br>\u201cBueno, el d\u00eda 25 de noviembre del a\u00f1o presente ten\u00edamos un acto en la sede social y yo cant\u00e9 dos<br>canciones, entre esas una de Violeta Parra, y entonces \u00e9l se puso a como cantar conmigo y<br>finalmente me prometi\u00f3 que me iba a regalar este libro, pero se le hab\u00eda quedado en Puerto<br>Williams. Entonces me alegro mucho de que cumpli\u00f3 su promesa y me lo dio con un aut\u00f3grafo aqu\u00ed.<br>As\u00ed que lo agradezco mucho\u201d, relat\u00f3 la estudiante.<br>Consultada sobre qu\u00e9 le gust\u00f3 decirle al Presidente, Aline agreg\u00f3: \u201cQue muchas gracias y fue un<br>placer volverlo a ver y me encant\u00f3 mucho conocerlo\u201d.<br>Para concretar el compromiso del Mandatario, el Delegado Presidencial Provincial viaj\u00f3 hasta la<br>escuela e hizo entrega del ejemplar, destacando adem\u00e1s los avances en infraestructura educativa en<br>la zona: \u201cAs\u00ed hemos aprovechado de ver y de poder informar dos compromisos que hemos tenido.<br>Uno, terminar y habilitar la escuela de Pampa Guanaco y tambi\u00e9n entregar el libro que el Presidente<br>se comprometi\u00f3 con las alumnas de Pampa Guanaco\u201d, se\u00f1al\u00f3.<br>El Delegado tambi\u00e9n se refiri\u00f3 al proyecto educativo del establecimiento: \u201cLa Escuela Pampa<br>Guanaco es un proyecto de habilitaci\u00f3n que consideraba dejar la escuela disponible con sus espacios<br>recreativos para 40 estudiantes. Este es un compromiso que se hizo durante el gobierno del<br>Presidente Gabriel Boric y que hoy d\u00eda podemos ver, verificar y adem\u00e1s alegrarnos con estos colores<br>que tiene la escuela\u201d.<br>Desde la comunidad educativa, la docente encargada de la escuela, Gida Gonz\u00e1lez, valor\u00f3 el avance<br>del proyecto y la visita presidencial: \u201cTenemos una matr\u00edcula de 3 estudiantes, aunque la escuelita<br>tiene una capacidad de 40 alumnos. Tenemos la expectativa de que la municipalidad de Timaukel<br>sea trasladada ac\u00e1 a la villa. Es un gran futuro, adem\u00e1s de los grandes avances que ya se pueden<br>apreciar en nuestra villa Pampa Guanaco\u201d.<br>Respecto a la visita del Presidente y la entrega del libro, la docente destac\u00f3 el impacto en la<br>comunidad: \u201cLa visita de Boric y la entrega del libro signific\u00f3 demasiado para toda nuestra<br>comunidad educativa. Fue algo muy significativo, muy emotivo el haber tenido la dicha, el honor de<br>tener al Presidente de la Rep\u00fablica visit\u00e1ndonos en nuestra escuela\u201d.<br>Con estos hitos, el Gobierno reafirma su compromiso con la educaci\u00f3n, la cultura y el<br>fortalecimiento de los territorios rurales y australes del pa\u00eds.<\/p>\n","protected":false},"excerpt":{"rendered":"<p>La Delegaci\u00f3n Presidencial Provincial de Tierra del Fuego realiz\u00f3 una significativa visita a la Escuelade Pampa Guanaco, en la comuna de Timaukel, para entregar el libro que el Presidente Gabriel&#8230; <a class=\"read-more\" href=\"https:\/\/www.radiopresidenteibanez.cl\/web\/delegacion-presidencial-de-tierra-del-fuego-cumple-compromiso-del-presidente-gabriel-boric-con-estudiante-de-pampa-guanaco\/\">Leer m\u00e1s<\/a><\/p>\n","protected":false},"author":2,"featured_media":60651,"comment_status":"closed","ping_status":"closed","sticky":false,"template":"","format":"standard","meta":{"footnotes":""},"categories":[1],"tags":[],"class_list":["post-60650","post","type-post","status-publish","format-standard","has-post-thumbnail","hentry","category-cronica"],"_links":{"self":[{"href":"https:\/\/www.radiopresidenteibanez.cl\/web\/wp-json\/wp\/v2\/posts\/60650","targetHints":{"allow":["GET"]}}],"collection":[{"href":"https:\/\/www.radiopresidenteibanez.cl\/web\/wp-json\/wp\/v2\/posts"}],"about":[{"href":"https:\/\/www.radiopresidenteibanez.cl\/web\/wp-json\/wp\/v2\/types\/post"}],"author":[{"embeddable":true,"href":"https:\/\/www.radiopresidenteibanez.cl\/web\/wp-json\/wp\/v2\/users\/2"}],"replies":[{"embeddable":true,"href":"https:\/\/www.radiopresidenteibanez.cl\/web\/wp-json\/wp\/v2\/comments?post=60650"}],"version-history":[{"count":0,"href":"https:\/\/www.radiopresidenteibanez.cl\/web\/wp-json\/wp\/v2\/posts\/60650\/revisions"}],"wp:featuredmedia":[{"embeddable":true,"href":"https:\/\/www.radiopresidenteibanez.cl\/web\/wp-json\/wp\/v2\/media\/60651"}],"wp:attachment":[{"href":"https:\/\/www.radiopresidenteibanez.cl\/web\/wp-json\/wp\/v2\/media?parent=60650"}],"wp:term":[{"taxonomy":"category","embeddable":true,"href":"https:\/\/www.radiopresidenteibanez.cl\/web\/wp-json\/wp\/v2\/categories?post=60650"},{"taxonomy":"post_tag","embeddable":true,"href":"https:\/\/www.radiopresidenteibanez.cl\/web\/wp-json\/wp\/v2\/tags?post=60650"}],"curies":[{"name":"wp","href":"https:\/\/api.w.org\/{rel}","templated":true}]}}