{"id":60647,"date":"2025-12-12T16:08:00","date_gmt":"2025-12-12T19:08:00","guid":{"rendered":"https:\/\/www.radiopresidenteibanez.cl\/web\/?p=60647"},"modified":"2025-12-12T11:25:53","modified_gmt":"2025-12-12T14:25:53","slug":"vecinos-y-comunidad-educativa-del-jardin-villa-las-nieves-conocen-avances-del-parque-urbano-que-ejecuta-mop-en-el-sector","status":"publish","type":"post","link":"https:\/\/www.radiopresidenteibanez.cl\/web\/vecinos-y-comunidad-educativa-del-jardin-villa-las-nieves-conocen-avances-del-parque-urbano-que-ejecuta-mop-en-el-sector\/","title":{"rendered":"Vecinos y comunidad educativa del Jard\u00edn Villa las Nieves conocen avances del parque urbano que ejecuta MOP en el sector"},"content":{"rendered":"\n<p>Esta tarde el Director General de Obras P\u00fablicas Boris Olgu\u00edn, Seremi de<br>Gobierno Andro Mimica, Seremi de Medio Ambiente Enrique Rebolledo y Seremi<br>MOP Jos\u00e9 Luis Hern\u00e1ndez, sostuvieron un encuentro con el Consejo de<br>Educaci\u00f3n Parvularia del Jard\u00edn Infantil Villas Las Nieves, instancia participativa en<br>la que se involucra a las familias, equipos educativos y representantes de la<br>comunidad del sector, en tem\u00e1ticas relevantes para el funcionamiento del<br>establecimiento educacional y el beneficio de la calidad educativa.<br>En la actividad, el Ministerio de Obras P\u00fablicas expuso el proyecto del parque<br>urbano que se encuentra ejecutando la Direcci\u00f3n de Obras Hidr\u00e1ulicas en el<br>sector de Villa Las Nieves, y los ni\u00f1os y ni\u00f1as del jard\u00edn infantil expusieron a las<br>autoridades sus sue\u00f1os y esperanzas para ser incluidos en la iniciativa, que<br>considera un 25 por ciento de avance f\u00edsico.<br>\u201cEntre el Jard\u00edn de Villa las Nieves y la Escuela de Villa las Nieves son m\u00e1s de 650<br>estudiantes, ni\u00f1os, ni\u00f1as y adolescentes que est\u00e1n en el sector. Estas son obras<br>que evidentemente impactan la calidad de vida, no solamente de los vecinos, sino<br>tambi\u00e9n quienes llegan hasta ac\u00e1 para poder tener su continuidad de estudio\u201d,<br>se\u00f1al\u00f3 el Seremi de Gobierno Andro Mimica.<br>A\u00f1adi\u00f3 Mimica que: \u201cVamos a cambiar todo el entorno de una poblaci\u00f3n donde la<br>infraestructura p\u00fablica no hab\u00eda llegado, avanzando con el Parque de Villa las<br>Nieves, pero tambi\u00e9n con su cambio de luminaria, as\u00ed que estamos muy contentos<br>de poder dar cumplimiento a esta obra comprometida bajo el Gobierno del<br>Presidente Gabriel Boric y que est\u00e1 avanzando a una gran velocidad\u201d.<br>Por su parte, el Director General de Obras P\u00fablicas Boris Olgu\u00edn, estableci\u00f3 que<br>\u201cse trat\u00f3 de una muy bonita actividad y agradezco a los equipos que organizaron<br>esto, tanto al Seremi de Obras P\u00fablicas, su equipo, a la empresa constructora y a<br>su equipo de participaci\u00f3n ciudadana, por conectar a la comunidad con una obra<br>que es una obra p\u00fablica, que tiene como objeto resolver situaciones, en este caso<br>hidr\u00e1ulicas del cauce del estero, pero que viene a resolver tambi\u00e9n una situaci\u00f3n<br>de mejora del espacio p\u00fablico, un espacio que queremos para la comunidad, para<br>la junta de vecinos y para este jard\u00edn infantil\u201d.<br>\u201dNos contaron las t\u00edas y la directora del colegio, que los ni\u00f1os han participado,<br>pudieron visitar de cerca la obra, han dibujado y se han imaginado juegos y pedido<br>sus deseos, y a nosotros nos parece que todo cumple con el objetivo de una<\/p>\n\n\n\n<p>iniciativa que viene a resolver una obra de ingenier\u00eda pero sobre todas las cosas a<br>otorgar un espacio para la comunidad\u201d, agreg\u00f3 Olgu\u00edn.<br>El Seremi de Obras P\u00fablicas, Jos\u00e9 Luis Hern\u00e1ndez, explic\u00f3 que la iniciativa<br>contempla la construcci\u00f3n de obras de mejoramiento tendientes a aumentar la<br>capacidad de regulaci\u00f3n y capacidad hidr\u00e1ulica de canalizaci\u00f3n existente en el<br>sector de Villa Las Nieves, mediante el abovedamiento del canal existente, lo cual<br>provocar\u00e1 la disminuci\u00f3n de la acumulaci\u00f3n de basura y escombros, permitiendo<br>el escurrimiento del estero LLau LLau en esta \u00e1rea tan poblada de la ciudad.<br>Explic\u00f3 el Seremi MOP que as\u00ed tambi\u00e9n la iniciativa contempla obras y acciones<br>en canalizaciones artificiales que a lo largo de los a\u00f1os han generado impactos<br>negativos en el medio ambiente, por ser focos de concentraci\u00f3n de escombros y<br>microbasurales, afectando negativamente la calidad de la escorrent\u00eda y generando<br>riesgos de obstrucciones durante crecidas y afectaciones a la comunidad del<br>sector, por lo que con la construcci\u00f3n del parque urbano sobre esta \u00e1reas se<br>recuperar\u00e1n y entregar\u00e1n nuevas zonas de esparcimiento para la comunidad del<br>sector.<\/p>\n","protected":false},"excerpt":{"rendered":"<p>Esta tarde el Director General de Obras P\u00fablicas Boris Olgu\u00edn, Seremi deGobierno Andro Mimica, Seremi de Medio Ambiente Enrique Rebolledo y SeremiMOP Jos\u00e9 Luis Hern\u00e1ndez, sostuvieron un encuentro con el&#8230; <a class=\"read-more\" href=\"https:\/\/www.radiopresidenteibanez.cl\/web\/vecinos-y-comunidad-educativa-del-jardin-villa-las-nieves-conocen-avances-del-parque-urbano-que-ejecuta-mop-en-el-sector\/\">Leer m\u00e1s<\/a><\/p>\n","protected":false},"author":2,"featured_media":60648,"comment_status":"closed","ping_status":"closed","sticky":false,"template":"","format":"standard","meta":{"footnotes":""},"categories":[1],"tags":[],"class_list":["post-60647","post","type-post","status-publish","format-standard","has-post-thumbnail","hentry","category-cronica"],"_links":{"self":[{"href":"https:\/\/www.radiopresidenteibanez.cl\/web\/wp-json\/wp\/v2\/posts\/60647","targetHints":{"allow":["GET"]}}],"collection":[{"href":"https:\/\/www.radiopresidenteibanez.cl\/web\/wp-json\/wp\/v2\/posts"}],"about":[{"href":"https:\/\/www.radiopresidenteibanez.cl\/web\/wp-json\/wp\/v2\/types\/post"}],"author":[{"embeddable":true,"href":"https:\/\/www.radiopresidenteibanez.cl\/web\/wp-json\/wp\/v2\/users\/2"}],"replies":[{"embeddable":true,"href":"https:\/\/www.radiopresidenteibanez.cl\/web\/wp-json\/wp\/v2\/comments?post=60647"}],"version-history":[{"count":0,"href":"https:\/\/www.radiopresidenteibanez.cl\/web\/wp-json\/wp\/v2\/posts\/60647\/revisions"}],"wp:featuredmedia":[{"embeddable":true,"href":"https:\/\/www.radiopresidenteibanez.cl\/web\/wp-json\/wp\/v2\/media\/60648"}],"wp:attachment":[{"href":"https:\/\/www.radiopresidenteibanez.cl\/web\/wp-json\/wp\/v2\/media?parent=60647"}],"wp:term":[{"taxonomy":"category","embeddable":true,"href":"https:\/\/www.radiopresidenteibanez.cl\/web\/wp-json\/wp\/v2\/categories?post=60647"},{"taxonomy":"post_tag","embeddable":true,"href":"https:\/\/www.radiopresidenteibanez.cl\/web\/wp-json\/wp\/v2\/tags?post=60647"}],"curies":[{"name":"wp","href":"https:\/\/api.w.org\/{rel}","templated":true}]}}