{"id":60644,"date":"2025-12-12T14:19:00","date_gmt":"2025-12-12T17:19:00","guid":{"rendered":"https:\/\/www.radiopresidenteibanez.cl\/web\/?p=60644"},"modified":"2025-12-12T11:06:46","modified_gmt":"2025-12-12T14:06:46","slug":"con-ajustes-y-mejoras-se-dispusieron-37-servicios-rurales-gratuitos-para-movilizar-a-la-ciudadania-hacia-su-lugar-de-votacion","status":"publish","type":"post","link":"https:\/\/www.radiopresidenteibanez.cl\/web\/con-ajustes-y-mejoras-se-dispusieron-37-servicios-rurales-gratuitos-para-movilizar-a-la-ciudadania-hacia-su-lugar-de-votacion\/","title":{"rendered":"Con ajustes y mejoras se dispusieron 37 servicios rurales gratuitos para movilizar a la ciudadan\u00eda hacia su lugar de votaci\u00f3n"},"content":{"rendered":"\n<p>Un nuevo encuentro en la parada rural \u201cMina Loreto\u201d sostuvieron el delegado presidencial regional Jos\u00e9 Ruiz Pivcevic y seremi de Transportes y Telecomunicaciones Alejandro Goich Barr\u00eda, para dar a los servicios transporte p\u00fablico rural y urbanos que operar\u00e1n en toda la regi\u00f3n para la segunda vuelta de elecciones presidenciales de este domingo 14 de diciembre.<\/p>\n\n\n\n<p>\u201cComo gobierno debemos garantizar un proceso tranquilo, democr\u00e1tico y participativo y para eso tenemos que coordinar con las distintas instituciones\u201d se\u00f1al\u00f3 el delegado presidencial regional Ruiz. En ese tenor, agreg\u00f3 que las fuerzas armadas el d\u00eda viernes tomar\u00e1n control de los establecimientos educacionales, se realizar\u00e1n fiscalizaciones por parte de la direcci\u00f3n del trabajo para que se cumpla con los derechos laborales de las y los trabajadores y se coordin\u00f3 la contrataci\u00f3n de servicios especiales a trav\u00e9s de la seremi de Transportes y Telecomunicaciones, garantizando as\u00ed el derecho a sufragar de la ciudadan\u00eda que se encuentra en los territorios m\u00e1s aislados de nuestra regi\u00f3n.<\/p>\n\n\n\n<p>\u201cSon servicios adicionales a los que cuenta el ministerio de Transportes y Telecomunicaciones, para poder lograr una mejor participaci\u00f3n en todas las provincias. Por eso el llamado a la gente es a acudir a sus lugares de sufragio y ejercer un voto informado\u201d, indic\u00f3 Ruiz.<\/p>\n\n\n\n<p>El seremi Goich, a\u00f1adi\u00f3 que son 15 servicios especiales \u2013que fueron ajustados de acuerdo a la demanda\u2013 y que se suman a los 22 regulares que ofrecen transporte para sectores aislados y rurales, siendo todos gratuitos. Inform\u00f3 que los horarios son variados dependiendo de cada servicio, lo que ser\u00e1 informado a trav\u00e9s de las delegaciones presidenciales provinciales y municipios, por lo que hizo el llamado a la ciudadan\u00eda a informarse en los canales oficiales de cada instituci\u00f3n.<\/p>\n\n\n\n<p>Agreg\u00f3 el jefe de la cartera regional que en la ciudad se va a trabajar con un plan operacional de 4 buses a la hora. Los primeros buses saldr\u00e1n desde las 7 horas y el \u00faltimo a las 21. La frecuencia ser\u00e1 reforzada en hora punta, definida en el bloque horario entre las 11 y 17 horas, pensando que es el momento en que m\u00e1s afluencia de p\u00fablico habr\u00e1. Red Punta Arenas y consolidado norte, mantienen su tarifa normal.<\/p>\n\n\n\n<p>De igual manera, inform\u00f3 el seremitt que la Divisi\u00f3n de Fiscalizaci\u00f3n se desplegar\u00e1 desde las 7:30 horas en Punta Arenas y Natales, verificando el cumplimiento de los horarios y las frecuencias programas para la jornada del domingo.<\/p>\n","protected":false},"excerpt":{"rendered":"<p>Un nuevo encuentro en la parada rural \u201cMina Loreto\u201d sostuvieron el delegado presidencial regional Jos\u00e9 Ruiz Pivcevic y seremi de Transportes y Telecomunicaciones Alejandro Goich Barr\u00eda, para dar a los&#8230; <a class=\"read-more\" href=\"https:\/\/www.radiopresidenteibanez.cl\/web\/con-ajustes-y-mejoras-se-dispusieron-37-servicios-rurales-gratuitos-para-movilizar-a-la-ciudadania-hacia-su-lugar-de-votacion\/\">Leer m\u00e1s<\/a><\/p>\n","protected":false},"author":2,"featured_media":60645,"comment_status":"closed","ping_status":"closed","sticky":false,"template":"","format":"standard","meta":{"footnotes":""},"categories":[1],"tags":[],"class_list":["post-60644","post","type-post","status-publish","format-standard","has-post-thumbnail","hentry","category-cronica"],"_links":{"self":[{"href":"https:\/\/www.radiopresidenteibanez.cl\/web\/wp-json\/wp\/v2\/posts\/60644","targetHints":{"allow":["GET"]}}],"collection":[{"href":"https:\/\/www.radiopresidenteibanez.cl\/web\/wp-json\/wp\/v2\/posts"}],"about":[{"href":"https:\/\/www.radiopresidenteibanez.cl\/web\/wp-json\/wp\/v2\/types\/post"}],"author":[{"embeddable":true,"href":"https:\/\/www.radiopresidenteibanez.cl\/web\/wp-json\/wp\/v2\/users\/2"}],"replies":[{"embeddable":true,"href":"https:\/\/www.radiopresidenteibanez.cl\/web\/wp-json\/wp\/v2\/comments?post=60644"}],"version-history":[{"count":0,"href":"https:\/\/www.radiopresidenteibanez.cl\/web\/wp-json\/wp\/v2\/posts\/60644\/revisions"}],"wp:featuredmedia":[{"embeddable":true,"href":"https:\/\/www.radiopresidenteibanez.cl\/web\/wp-json\/wp\/v2\/media\/60645"}],"wp:attachment":[{"href":"https:\/\/www.radiopresidenteibanez.cl\/web\/wp-json\/wp\/v2\/media?parent=60644"}],"wp:term":[{"taxonomy":"category","embeddable":true,"href":"https:\/\/www.radiopresidenteibanez.cl\/web\/wp-json\/wp\/v2\/categories?post=60644"},{"taxonomy":"post_tag","embeddable":true,"href":"https:\/\/www.radiopresidenteibanez.cl\/web\/wp-json\/wp\/v2\/tags?post=60644"}],"curies":[{"name":"wp","href":"https:\/\/api.w.org\/{rel}","templated":true}]}}