{"id":60641,"date":"2025-12-12T12:49:00","date_gmt":"2025-12-12T15:49:00","guid":{"rendered":"https:\/\/www.radiopresidenteibanez.cl\/web\/?p=60641"},"modified":"2025-12-12T10:59:55","modified_gmt":"2025-12-12T13:59:55","slug":"historica-inversion-permitio-al-servicio-medico-legal-renovar-su-flota-de-camionetas-en-magallanes","status":"publish","type":"post","link":"https:\/\/www.radiopresidenteibanez.cl\/web\/historica-inversion-permitio-al-servicio-medico-legal-renovar-su-flota-de-camionetas-en-magallanes\/","title":{"rendered":"HIST\u00d3RICA INVERSI\u00d3N PERMITI\u00d3 AL SERVICIO M\u00c9DICO LEGAL RENOVAR SU FLOTA DE CAMIONETAS EN MAGALLANES"},"content":{"rendered":"\n<p>Frente a la Delegaci\u00f3n Presidencial Regional se realiz\u00f3 ayer la entrega de dos nuevos veh\u00edculos con<br>los cuales el Servicio M\u00e9dico Legal (SML) renov\u00f3 su flota en Magallanes, correspondiente al<br>proyecto denominado \u00abReposici\u00f3n de Camionetas de Levantamiento y Traslado de Fallecidos para<br>el Servicio M\u00e9dico Legal de Punta Arenas\u00bb, iniciativa que cont\u00f3 con financiamiento del Gobierno<br>Regional.<br>Esta reposici\u00f3n vehicular largamente anhelada consiste en camionetas especializadas para el<br>levantamiento y traslado de fallecidos, con un monto de inversi\u00f3n de 127.306.200 pesos, las que<br>fueron bendecidas en ceremonia con la presencia del Gobernador Regional de Magallanes, Jorge<br>Flies A\u00f1\u00f3n, la Seremi de Justicia y DD.HH., Michelle Peutat Alvarado, y el Director del SML en<br>Magallanes, Dr. Ren\u00e9 Castro Cid, junto a consejeros regionales y funcionarios y funcionarias del<br>Servicio M\u00e9dico Legal.<br>En la oportunidad, la Seremi Michelle Peutat agradeci\u00f3 el apoyo brindado por el Gobierno<br>Regional, que privilegi\u00f3 este importante logro trazado desde el inicio de su gesti\u00f3n, el cual permite<br>garantizar la continuidad operativa del servicio. De esta manera, destac\u00f3 que est\u00e1n mejorando la<br>oportunidad de respuesta institucional y asegurando la prestaci\u00f3n del servicio en condiciones de<br>equidad territorial, y tambi\u00e9n en forma segura para los funcionarios y funcionarias.<br>Jorge Flies, Gobernador Regional, resalt\u00f3 que se trata de los primeros veh\u00edculos que un gobierno<br>regional adquiere para el Servicio M\u00e9dico Legal en Chile, gracias a un trabajo en conjunto, y que<br>\u201ctiene que ver con un \u00e1mbito de dignidad\u201d. Recalc\u00f3 que ante el fallecimiento de un paciente de<br>manera violenta o cuya causa de muerte se desconoce, \u201cdeja de ser una urgencia vital, pero pasa<br>a ser una urgencia humanitaria para la familia\u201d, por lo que resulta fundamental contar con estos<br>medios.<br>El Director Regional del SML, Dr. Ren\u00e9 Castro, agradeci\u00f3 el apoyo del Gobierno Regional, de la<br>Direcci\u00f3n Nacional del Servicio M\u00e9dico Legal y el trabajo con sus unidades de Proyectos, Log\u00edstica<br>e Infraestructura, para lograr un avance sustantivo, toda vez que a la fecha contaban con tres<br>m\u00f3viles destinados al traslado de fallecidos: dos en la sede regional de Punta Arenas y uno en<br>Puerto Natales, los cuales presentaban una antig\u00fcedad de 17, 13 y 9 a\u00f1os, lo que se traduc\u00eda en<br>recurrentes fallas mec\u00e1nicas y el riesgo inherente para la seguridad del personal en<br>desplazamientos de larga distancia, adem\u00e1s del costo importante en materia de mantenciones<\/p>\n\n\n\n<p>correctivas. \u201cEstas nuevas camionetas, que reemplazar\u00e1n a las dos m\u00e1s antiguas, nos van a<br>permitir contar, por lo menos, por una buena cantidad de a\u00f1os con veh\u00edculos -cero kil\u00f3metros- con<br>los mejores est\u00e1ndares t\u00e9cnicos y de calidad para poder cubrir la vasta zona de la regi\u00f3n de<br>Magallanes, al menos lo que podamos hacer v\u00eda terrestre\u201d.<br>Esta hist\u00f3rica inversi\u00f3n fortalece la capacidad regional para enfrentar eventos de alta demanda<br>\u2014accidentes, fallecimientos en zonas aisladas, emergencias o fen\u00f3menos naturales\u2014<br>contribuyendo a una respuesta estatal m\u00e1s oportuna, segura y consistente con los protocolos<br>vigentes.<br>Se trata de veh\u00edculos 4&#215;4 di\u00e9sel, cabina simple, adaptados para el traslado de fallecidos, con<br>carrocer\u00eda sanitaria completamente aislada, equipada con bandejas, rodillos y sistemas de fijaci\u00f3n<br>compatibles con camillas institucionales del SML, y dotados con elementos de seguridad<br>operativa. Las flamantes camionetas se distinguen por su se\u00f1al\u00e9tica institucional, balizas LED y<br>tambi\u00e9n por ser distintas, una de color blanco y la otra roja. Tal detalle, en el caso de esta \u00faltima,<br>permitir\u00e1 distinguirla a la distancia cuando deba acudir ante situaciones de emergencia o<br>cat\u00e1strofes en sectores nevados durante el invierno en la regi\u00f3n.<\/p>\n","protected":false},"excerpt":{"rendered":"<p>Frente a la Delegaci\u00f3n Presidencial Regional se realiz\u00f3 ayer la entrega de dos nuevos veh\u00edculos conlos cuales el Servicio M\u00e9dico Legal (SML) renov\u00f3 su flota en Magallanes, correspondiente alproyecto denominado&#8230; <a class=\"read-more\" href=\"https:\/\/www.radiopresidenteibanez.cl\/web\/historica-inversion-permitio-al-servicio-medico-legal-renovar-su-flota-de-camionetas-en-magallanes\/\">Leer m\u00e1s<\/a><\/p>\n","protected":false},"author":2,"featured_media":60642,"comment_status":"closed","ping_status":"closed","sticky":false,"template":"","format":"standard","meta":{"footnotes":""},"categories":[1],"tags":[],"class_list":["post-60641","post","type-post","status-publish","format-standard","has-post-thumbnail","hentry","category-cronica"],"_links":{"self":[{"href":"https:\/\/www.radiopresidenteibanez.cl\/web\/wp-json\/wp\/v2\/posts\/60641","targetHints":{"allow":["GET"]}}],"collection":[{"href":"https:\/\/www.radiopresidenteibanez.cl\/web\/wp-json\/wp\/v2\/posts"}],"about":[{"href":"https:\/\/www.radiopresidenteibanez.cl\/web\/wp-json\/wp\/v2\/types\/post"}],"author":[{"embeddable":true,"href":"https:\/\/www.radiopresidenteibanez.cl\/web\/wp-json\/wp\/v2\/users\/2"}],"replies":[{"embeddable":true,"href":"https:\/\/www.radiopresidenteibanez.cl\/web\/wp-json\/wp\/v2\/comments?post=60641"}],"version-history":[{"count":0,"href":"https:\/\/www.radiopresidenteibanez.cl\/web\/wp-json\/wp\/v2\/posts\/60641\/revisions"}],"wp:featuredmedia":[{"embeddable":true,"href":"https:\/\/www.radiopresidenteibanez.cl\/web\/wp-json\/wp\/v2\/media\/60642"}],"wp:attachment":[{"href":"https:\/\/www.radiopresidenteibanez.cl\/web\/wp-json\/wp\/v2\/media?parent=60641"}],"wp:term":[{"taxonomy":"category","embeddable":true,"href":"https:\/\/www.radiopresidenteibanez.cl\/web\/wp-json\/wp\/v2\/categories?post=60641"},{"taxonomy":"post_tag","embeddable":true,"href":"https:\/\/www.radiopresidenteibanez.cl\/web\/wp-json\/wp\/v2\/tags?post=60641"}],"curies":[{"name":"wp","href":"https:\/\/api.w.org\/{rel}","templated":true}]}}