{"id":60631,"date":"2025-12-12T09:34:20","date_gmt":"2025-12-12T12:34:20","guid":{"rendered":"https:\/\/www.radiopresidenteibanez.cl\/web\/?p=60631"},"modified":"2025-12-12T09:36:58","modified_gmt":"2025-12-12T12:36:58","slug":"ninas-y-ninos-de-puerto-eden-aprenden-sobre-escalada-y-espeleologia","status":"publish","type":"post","link":"https:\/\/www.radiopresidenteibanez.cl\/web\/ninas-y-ninos-de-puerto-eden-aprenden-sobre-escalada-y-espeleologia\/","title":{"rendered":"Ni\u00f1as y ni\u00f1os de Puerto Ed\u00e9n aprenden sobre escalada y espeleolog\u00eda"},"content":{"rendered":"\n<p>La comunidad educativa de la Escuela Profesor Miguel Montecinos de Puerto<br>Ed\u00e9n tuvo una semana con mucha actividad al aire libre en una nueva versi\u00f3n<br>del proyecto \u201cCuerdas y m\u00e1s\u201d, desarrollado por la Asociaci\u00f3n Espeleol\u00f3gica de<br>Patagonia.<br>Desde el a\u00f1o 2019, los especialistas de esta entidad dedicada al estudio de las<br>espectaculares cavernas de la zona, dedican parte de su tiempo a ense\u00f1ar a<br>las ni\u00f1as y ni\u00f1os de la escuela diversas t\u00e9cnicas como la escalada y primeros<br>auxilios, adem\u00e1s de fomentar el conocimiento y cuidado de su entorno natural.<br>\u201cLas actividades suelen desarrollarse al aire libre y se articulan en torno al<br>objetivo de dar a conocer Puerto Ed\u00e9n a otros ni\u00f1os y ni\u00f1as. En este sentido,<br>se realizan actividades con cuerdas en entornos naturales o usando las<br>infraestructuras de Puerto Ed\u00e9n, salidas de observaci\u00f3n del entorno para<br>agudizar sentidos y comprender nuestra relaci\u00f3n con la naturaleza, acampada<br>en Jetarkte y talleres de primeros auxilios e idioma franc\u00e9s\u201d, explican desde el<br>establecimiento.<br>Las actividades en terreno tienen su correspondencia en el aula donde los<br>estudiantes crean mapas, folletos y otros elementos en los que aplican lo que<br>aprenden.<br>Este a\u00f1o, adem\u00e1s, la comunidad escolar tuvo un contacto por video<br>conferencia con una escuela de Francia con la que los ni\u00f1os y ni\u00f1as de Puerto<br>Ed\u00e9n mantienen un intercambio por mail y carta postal desde el 2021. En esta<br>ocasi\u00f3n, las mejoras de la conectividad digital en la escuela permitieron<br>mantener la conversaci\u00f3n on line.<\/p>\n","protected":false},"excerpt":{"rendered":"<p>La comunidad educativa de la Escuela Profesor Miguel Montecinos de PuertoEd\u00e9n tuvo una semana con mucha actividad al aire libre en una nueva versi\u00f3ndel proyecto \u201cCuerdas y m\u00e1s\u201d, desarrollado por&#8230; <a class=\"read-more\" href=\"https:\/\/www.radiopresidenteibanez.cl\/web\/ninas-y-ninos-de-puerto-eden-aprenden-sobre-escalada-y-espeleologia\/\">Leer m\u00e1s<\/a><\/p>\n","protected":false},"author":2,"featured_media":60632,"comment_status":"closed","ping_status":"closed","sticky":false,"template":"","format":"standard","meta":{"footnotes":""},"categories":[1],"tags":[],"class_list":["post-60631","post","type-post","status-publish","format-standard","has-post-thumbnail","hentry","category-cronica"],"_links":{"self":[{"href":"https:\/\/www.radiopresidenteibanez.cl\/web\/wp-json\/wp\/v2\/posts\/60631","targetHints":{"allow":["GET"]}}],"collection":[{"href":"https:\/\/www.radiopresidenteibanez.cl\/web\/wp-json\/wp\/v2\/posts"}],"about":[{"href":"https:\/\/www.radiopresidenteibanez.cl\/web\/wp-json\/wp\/v2\/types\/post"}],"author":[{"embeddable":true,"href":"https:\/\/www.radiopresidenteibanez.cl\/web\/wp-json\/wp\/v2\/users\/2"}],"replies":[{"embeddable":true,"href":"https:\/\/www.radiopresidenteibanez.cl\/web\/wp-json\/wp\/v2\/comments?post=60631"}],"version-history":[{"count":0,"href":"https:\/\/www.radiopresidenteibanez.cl\/web\/wp-json\/wp\/v2\/posts\/60631\/revisions"}],"wp:featuredmedia":[{"embeddable":true,"href":"https:\/\/www.radiopresidenteibanez.cl\/web\/wp-json\/wp\/v2\/media\/60632"}],"wp:attachment":[{"href":"https:\/\/www.radiopresidenteibanez.cl\/web\/wp-json\/wp\/v2\/media?parent=60631"}],"wp:term":[{"taxonomy":"category","embeddable":true,"href":"https:\/\/www.radiopresidenteibanez.cl\/web\/wp-json\/wp\/v2\/categories?post=60631"},{"taxonomy":"post_tag","embeddable":true,"href":"https:\/\/www.radiopresidenteibanez.cl\/web\/wp-json\/wp\/v2\/tags?post=60631"}],"curies":[{"name":"wp","href":"https:\/\/api.w.org\/{rel}","templated":true}]}}