{"id":60626,"date":"2025-12-11T20:26:00","date_gmt":"2025-12-11T23:26:00","guid":{"rendered":"https:\/\/www.radiopresidenteibanez.cl\/web\/?p=60626"},"modified":"2025-12-12T08:56:11","modified_gmt":"2025-12-12T11:56:11","slug":"estudiantes-y-asociacion-de-funcionarios-de-la-umag-realizan-manifestacion-pacifica-reiterando-exigencia-de-renuncia-a-vicerector-de-finanzas","status":"publish","type":"post","link":"https:\/\/www.radiopresidenteibanez.cl\/web\/estudiantes-y-asociacion-de-funcionarios-de-la-umag-realizan-manifestacion-pacifica-reiterando-exigencia-de-renuncia-a-vicerector-de-finanzas\/","title":{"rendered":"ESTUDIANTES Y ASOCIACION DE FUNCIONARIOS DE LA UMAG REALIZAN MANIFESTACION PACIFICA REITERANDO EXIGENCIA DE RENUNCIA A VICERECTOR DE FINANZAS"},"content":{"rendered":"\n<p>Durante la jornada de hoy se llev\u00f3 a cabo una manifestaci\u00f3n convocada por estudiantes de la Universidad de Magallanes, quienes reiteraron sus exigencias de renuncia para Fredy Cabezas y Jos\u00e9 Maripani, adem\u00e1s de expresar un rechazo categ\u00f3rico al proceso de reestructuraci\u00f3n que se est\u00e1 implementando en la instituci\u00f3n. La movilizaci\u00f3n comenz\u00f3 en la Plaza de los Derechos Humanos, punto simb\u00f3lico para este tipo de convocatorias, y avanz\u00f3 posteriormente hasta las letras de Punta Arenas ubicadas en avenida Costanera. En ese lugar se realizaron c\u00e1nticos, consignas y discursos que apuntaron directamente a lo que los manifestantes califican como una mala gesti\u00f3n por parte del equipo directivo, especialmente en relaci\u00f3n con los despidos realizados durante este \u00faltimo periodo.<\/p>\n\n\n\n<p>La actividad reuni\u00f3 a m\u00faltiples actores internos de la universidad. Participaron la Federaci\u00f3n de Estudiantes de la Universidad de Magallanes, la Asociaci\u00f3n de Funcionarios de la UMAG, la Asociaci\u00f3n de Profesionales y T\u00e9cnicos de la UMAG y la Asociaci\u00f3n Regional de Acad\u00e9micos. Estas organizaciones coincidieron en que la situaci\u00f3n administrativa y financiera del plantel requiere cambios profundos y urgentes, enfatizando que las decisiones tomadas hasta ahora han generado incertidumbre, sobrecarga laboral y un deterioro progresivo en el clima institucional.<\/p>\n\n\n\n<p>La manifestaci\u00f3n tambi\u00e9n recibi\u00f3 un significativo respaldo de la comunidad. A lo largo del trayecto y en el punto final de la convocatoria, numerosos automovilistas hicieron sonar sus bocinas en se\u00f1al de apoyo, mientras transe\u00fantes se deten\u00edan a observar y registrar la protesta. Para los organizadores, esta respuesta refleja que las dificultades que atraviesa la universidad ya no solo afectan a su comunidad interna, sino que se han convertido en una preocupaci\u00f3n transversal para Punta Arenas y la regi\u00f3n.<\/p>\n","protected":false},"excerpt":{"rendered":"<p>Durante la jornada de hoy se llev\u00f3 a cabo una manifestaci\u00f3n convocada por estudiantes de la Universidad de Magallanes, quienes reiteraron sus exigencias de renuncia para Fredy Cabezas y Jos\u00e9&#8230; <a class=\"read-more\" href=\"https:\/\/www.radiopresidenteibanez.cl\/web\/estudiantes-y-asociacion-de-funcionarios-de-la-umag-realizan-manifestacion-pacifica-reiterando-exigencia-de-renuncia-a-vicerector-de-finanzas\/\">Leer m\u00e1s<\/a><\/p>\n","protected":false},"author":2,"featured_media":60627,"comment_status":"closed","ping_status":"closed","sticky":false,"template":"","format":"standard","meta":{"footnotes":""},"categories":[1],"tags":[],"class_list":["post-60626","post","type-post","status-publish","format-standard","has-post-thumbnail","hentry","category-cronica"],"_links":{"self":[{"href":"https:\/\/www.radiopresidenteibanez.cl\/web\/wp-json\/wp\/v2\/posts\/60626","targetHints":{"allow":["GET"]}}],"collection":[{"href":"https:\/\/www.radiopresidenteibanez.cl\/web\/wp-json\/wp\/v2\/posts"}],"about":[{"href":"https:\/\/www.radiopresidenteibanez.cl\/web\/wp-json\/wp\/v2\/types\/post"}],"author":[{"embeddable":true,"href":"https:\/\/www.radiopresidenteibanez.cl\/web\/wp-json\/wp\/v2\/users\/2"}],"replies":[{"embeddable":true,"href":"https:\/\/www.radiopresidenteibanez.cl\/web\/wp-json\/wp\/v2\/comments?post=60626"}],"version-history":[{"count":0,"href":"https:\/\/www.radiopresidenteibanez.cl\/web\/wp-json\/wp\/v2\/posts\/60626\/revisions"}],"wp:featuredmedia":[{"embeddable":true,"href":"https:\/\/www.radiopresidenteibanez.cl\/web\/wp-json\/wp\/v2\/media\/60627"}],"wp:attachment":[{"href":"https:\/\/www.radiopresidenteibanez.cl\/web\/wp-json\/wp\/v2\/media?parent=60626"}],"wp:term":[{"taxonomy":"category","embeddable":true,"href":"https:\/\/www.radiopresidenteibanez.cl\/web\/wp-json\/wp\/v2\/categories?post=60626"},{"taxonomy":"post_tag","embeddable":true,"href":"https:\/\/www.radiopresidenteibanez.cl\/web\/wp-json\/wp\/v2\/tags?post=60626"}],"curies":[{"name":"wp","href":"https:\/\/api.w.org\/{rel}","templated":true}]}}