{"id":60616,"date":"2025-12-11T18:55:00","date_gmt":"2025-12-11T21:55:00","guid":{"rendered":"https:\/\/www.radiopresidenteibanez.cl\/web\/?p=60616"},"modified":"2025-12-11T11:37:28","modified_gmt":"2025-12-11T14:37:28","slug":"epaustral-fortalece-el-dialogo-ciudadano-con-consulta-publica-del-proyecto-de-ampliacion-del-terminal-mardones","status":"publish","type":"post","link":"https:\/\/www.radiopresidenteibanez.cl\/web\/epaustral-fortalece-el-dialogo-ciudadano-con-consulta-publica-del-proyecto-de-ampliacion-del-terminal-mardones\/","title":{"rendered":"EPAUSTRAL fortalece el di\u00e1logo ciudadano con consulta p\u00fablica del proyecto de ampliaci\u00f3n del Terminal Mardones"},"content":{"rendered":"\n<p>Con miras a fortalecer el desarrollo log\u00edstico de Magallanes y preparar la infraestructura portuaria para los desaf\u00edos que enfrentar\u00e1 la region ante la futura industria del hidr\u00f3geno verde, la Empresa Portuaria Austral (EPAUSTRAL) present\u00f3 a la comunidad los avances del Proyecto Magallanes H2V: Desarrollo de la Infraestructura Portuaria Habilitante, una iniciativa clave que ampliar\u00e1 la capacidad operativa del Terminal Jos\u00e9 de los Santos Mardones de Punta Arenas.<\/p>\n\n\n\n<p>En este contexto, y reafirmando su compromiso con la transparencia y el di\u00e1logo ciudadano, EPAUSTRAL llev\u00f3 a cabo una consulta p\u00fablica abierta, instancia que permiti\u00f3 compartir los alcances, impactos y medidas de gesti\u00f3n socioambiental del proyecto. La actividad, realizada en la Sala de Pasajeros del Terminal Arturo Prat, se desarroll\u00f3 conforme a los est\u00e1ndares del Banco Interamericano de Desarrollo (BID), entidad con la que se trabaja en la b\u00fasqueda de financiamiento para la ejecuci\u00f3n de la iniciativa, y los lineamientos de Sostenibilidad de la estatal portuaria.<\/p>\n\n\n\n<p>Durante la actividad, EPAUSTRAL destac\u00f3 que este proceso no solo busca cumplir con lineamientos internacionales, sino que responde a una convicci\u00f3n institucional de fortalecer v\u00ednculos con la comunidad. En esa l\u00ednea, el Gerente General de EPAUSTRAL, Miguel Palma, se\u00f1al\u00f3 que \u201cla informaci\u00f3n que pudimos entregar es clave para comprender el alcance de proyectos que cambiar\u00e1n las perspectivas y capacidades log\u00edsticas de la regi\u00f3n, especialmente la infraestructura habilitante del desarrollo de industrias como los proyectos de hidr\u00f3geno verde que est\u00e1n pensando instalarse. El objetivo de esta consulta es transparentar los impactos, detallar c\u00f3mo los abordaremos y presentar nuestras estrategias de mitigaci\u00f3n desde el puerto\u201d.<\/p>\n\n\n\n<p>Durante la jornada, vecinas, vecinos y diversos actores regionales pudieron conocer en detalle las etapas del proyecto, sus implicancias operativas y las medidas propuestas para mitigar sus impactos, adem\u00e1s de interiorizarse de la actualidad y otros proyectos de mejora de la empresa p\u00fablica que administra tres puertos y siete rampas de conectividad en la Regi\u00f3n de Magallanes.<\/p>\n\n\n\n<p>Seg\u00fan explic\u00f3 Pablo Bara\u00f1ao, Gerente General de la consultora Mejores Pr\u00e1cticas y que present\u00f3 el estudio de impacto ambiental y social, \u201cpara todo organismo multilateral de financiamiento como el BID, estos espacios son fundamentales. Es importante que la comunidad conozca los proyectos, escucharla y aclarar sus dudas. Esto jam\u00e1s puede hacerse a espaldas a los vecinos. La instancia cumpli\u00f3 cabalmente su objetivo, con una participaci\u00f3n adecuada de quienes quer\u00edan conocer el proyecto\u201d.<\/p>\n\n\n\n<p>En detalle, la iniciativa expuesta considera la ampliaci\u00f3n del Terminal Jos\u00e9 de los Santos Mardones, incluyendo la extensi\u00f3n del actual sitio de atraque \u2014lo que permitir\u00e1 contar con dos puentes de acceso\u2014 y la habilitaci\u00f3n de cerca de 14 hect\u00e1reas destinadas a zonas de acopio de carga. Con ello, se busca optimizar el flujo log\u00edstico de las operaciones portuarias, especialmente ante la creciente demanda que generar\u00e1 la instalaci\u00f3n de la industria del hidr\u00f3geno verde, uno de los sectores emergentes m\u00e1s relevantes para la econom\u00eda regional.&nbsp;<\/p>\n\n\n\n<p>Cabe destacar que la EPAUSTRAL proyecta una inversi\u00f3n superior a US$130 millones en obras de mejora de infraestructura portuaria p\u00fablica en los pr\u00f3ximos a\u00f1os, cifra que representa un incremento de ocho veces respecto de la inversi\u00f3n acumulada desde la creaci\u00f3n de la empresa en 1998 hasta 2024 y que busca consolidar un sistema portuario moderno, eficiente y preparado para las demandas log\u00edsticas que enfrenta la regi\u00f3n en industrias clave como el turismo, la conexi\u00f3n con la Ant\u00e1rtica y las energ\u00edas renovables.<\/p>\n\n\n\n<p>Para quienes deseen revisar la propuesta completa o realizar consultas adicionales, la informaci\u00f3n est\u00e1 disponible en <a href=\"http:\/\/www.epaustral.cl\">www.epaustral.cl<\/a>, consultando en el correo info@epaustral.cl o en las redes sociales institucionales de EPAUSTRAL.<\/p>\n","protected":false},"excerpt":{"rendered":"<p>Con miras a fortalecer el desarrollo log\u00edstico de Magallanes y preparar la infraestructura portuaria para los desaf\u00edos que enfrentar\u00e1 la region ante la futura industria del hidr\u00f3geno verde, la Empresa&#8230; <a class=\"read-more\" href=\"https:\/\/www.radiopresidenteibanez.cl\/web\/epaustral-fortalece-el-dialogo-ciudadano-con-consulta-publica-del-proyecto-de-ampliacion-del-terminal-mardones\/\">Leer m\u00e1s<\/a><\/p>\n","protected":false},"author":2,"featured_media":60617,"comment_status":"closed","ping_status":"closed","sticky":false,"template":"","format":"standard","meta":{"footnotes":""},"categories":[1],"tags":[],"class_list":["post-60616","post","type-post","status-publish","format-standard","has-post-thumbnail","hentry","category-cronica"],"_links":{"self":[{"href":"https:\/\/www.radiopresidenteibanez.cl\/web\/wp-json\/wp\/v2\/posts\/60616","targetHints":{"allow":["GET"]}}],"collection":[{"href":"https:\/\/www.radiopresidenteibanez.cl\/web\/wp-json\/wp\/v2\/posts"}],"about":[{"href":"https:\/\/www.radiopresidenteibanez.cl\/web\/wp-json\/wp\/v2\/types\/post"}],"author":[{"embeddable":true,"href":"https:\/\/www.radiopresidenteibanez.cl\/web\/wp-json\/wp\/v2\/users\/2"}],"replies":[{"embeddable":true,"href":"https:\/\/www.radiopresidenteibanez.cl\/web\/wp-json\/wp\/v2\/comments?post=60616"}],"version-history":[{"count":0,"href":"https:\/\/www.radiopresidenteibanez.cl\/web\/wp-json\/wp\/v2\/posts\/60616\/revisions"}],"wp:featuredmedia":[{"embeddable":true,"href":"https:\/\/www.radiopresidenteibanez.cl\/web\/wp-json\/wp\/v2\/media\/60617"}],"wp:attachment":[{"href":"https:\/\/www.radiopresidenteibanez.cl\/web\/wp-json\/wp\/v2\/media?parent=60616"}],"wp:term":[{"taxonomy":"category","embeddable":true,"href":"https:\/\/www.radiopresidenteibanez.cl\/web\/wp-json\/wp\/v2\/categories?post=60616"},{"taxonomy":"post_tag","embeddable":true,"href":"https:\/\/www.radiopresidenteibanez.cl\/web\/wp-json\/wp\/v2\/tags?post=60616"}],"curies":[{"name":"wp","href":"https:\/\/api.w.org\/{rel}","templated":true}]}}