{"id":60613,"date":"2025-12-11T17:53:00","date_gmt":"2025-12-11T20:53:00","guid":{"rendered":"https:\/\/www.radiopresidenteibanez.cl\/web\/?p=60613"},"modified":"2025-12-11T11:30:28","modified_gmt":"2025-12-11T14:30:28","slug":"con-villancicos-y-entrega-de-regalos-cerro-castillo-encendio-su-arbol-de-navidad","status":"publish","type":"post","link":"https:\/\/www.radiopresidenteibanez.cl\/web\/con-villancicos-y-entrega-de-regalos-cerro-castillo-encendio-su-arbol-de-navidad\/","title":{"rendered":"Con villancicos y entrega de regalos Cerro Castillo encendi\u00f3 su \u00e1rbol de Navidad"},"content":{"rendered":"\n<p>En una jornada marcada por el esp\u00edritu navide\u00f1o y una alta participaci\u00f3n de la comunidad, Cerro Castillo encendi\u00f3 su \u00e1rbol de Navidad, en un evento organizado por la Empresa El\u00e9ctrica de Magallanes en conjunto con la Municipalidad de Torres del Paine.<\/p>\n\n\n\n<p>\u201cComo EDELMAG estamos muy contentos de estar ac\u00e1 en Cerro Castillo. Ya son m\u00e1s de ocho a\u00f1os que llegamos con el suministro el\u00e9ctrico a esta localidad y que estamos presentes en el encendido del \u00e1rbol. Muy felices de participar en esta actividad que une a la familia y a la comunidad\u201d expres\u00f3 Diego D\u00edaz, Gerente Comercial de EDELMAG.<\/p>\n\n\n\n<p>Sumado a esto, la alcaldesa de Torres del Paine, Anah\u00ed C\u00e1rdenas, destac\u00f3 el evento y la llegada de EDELMAG a la localidad, comentando que \u201ctener luz el\u00e9ctrica fue un proyecto emblem\u00e1tico y que nos cambi\u00f3 la vida en la comuna. Con esto podemos hacer este acto cultural en Navidad que es muy importante porque re\u00fane a gran parte de los vecinos en torno a los villancicos y al encendido del \u00e1rbol. Adem\u00e1s, los ni\u00f1os pueden recibir sus regalos de parte del Viejito Pascuero\u201d<\/p>\n\n\n\n<p>Todo comenz\u00f3 a las 21:30 en el gimnasio Municipal con la entrega de regalos a los m\u00e1s peque\u00f1os de la comuna, para continuar con un coro de villancicos y terminar en la Plaza Remigio Hern\u00e1ndez con el encendido del \u00e1rbol de Navidad en la compa\u00f1\u00eda de autoridades locales, la comunidad y los turistas presentes.<\/p>\n\n\n\n<p>Hoy la invitaci\u00f3n es a las 21 horas para el encendido del \u00e1rbol en Puerto Natales en la Plaza 27 de Abril, en la previa habr\u00e1 una feria de emprendedores y un coro de villancicos que espera llenar de alegr\u00eda y magia uno de los eventos m\u00e1s esperados por los habitantes de la comuna.<\/p>\n","protected":false},"excerpt":{"rendered":"<p>En una jornada marcada por el esp\u00edritu navide\u00f1o y una alta participaci\u00f3n de la comunidad, Cerro Castillo encendi\u00f3 su \u00e1rbol de Navidad, en un evento organizado por la Empresa El\u00e9ctrica&#8230; <a class=\"read-more\" href=\"https:\/\/www.radiopresidenteibanez.cl\/web\/con-villancicos-y-entrega-de-regalos-cerro-castillo-encendio-su-arbol-de-navidad\/\">Leer m\u00e1s<\/a><\/p>\n","protected":false},"author":2,"featured_media":60614,"comment_status":"closed","ping_status":"closed","sticky":false,"template":"","format":"standard","meta":{"footnotes":""},"categories":[1],"tags":[],"class_list":["post-60613","post","type-post","status-publish","format-standard","has-post-thumbnail","hentry","category-cronica"],"_links":{"self":[{"href":"https:\/\/www.radiopresidenteibanez.cl\/web\/wp-json\/wp\/v2\/posts\/60613","targetHints":{"allow":["GET"]}}],"collection":[{"href":"https:\/\/www.radiopresidenteibanez.cl\/web\/wp-json\/wp\/v2\/posts"}],"about":[{"href":"https:\/\/www.radiopresidenteibanez.cl\/web\/wp-json\/wp\/v2\/types\/post"}],"author":[{"embeddable":true,"href":"https:\/\/www.radiopresidenteibanez.cl\/web\/wp-json\/wp\/v2\/users\/2"}],"replies":[{"embeddable":true,"href":"https:\/\/www.radiopresidenteibanez.cl\/web\/wp-json\/wp\/v2\/comments?post=60613"}],"version-history":[{"count":0,"href":"https:\/\/www.radiopresidenteibanez.cl\/web\/wp-json\/wp\/v2\/posts\/60613\/revisions"}],"wp:featuredmedia":[{"embeddable":true,"href":"https:\/\/www.radiopresidenteibanez.cl\/web\/wp-json\/wp\/v2\/media\/60614"}],"wp:attachment":[{"href":"https:\/\/www.radiopresidenteibanez.cl\/web\/wp-json\/wp\/v2\/media?parent=60613"}],"wp:term":[{"taxonomy":"category","embeddable":true,"href":"https:\/\/www.radiopresidenteibanez.cl\/web\/wp-json\/wp\/v2\/categories?post=60613"},{"taxonomy":"post_tag","embeddable":true,"href":"https:\/\/www.radiopresidenteibanez.cl\/web\/wp-json\/wp\/v2\/tags?post=60613"}],"curies":[{"name":"wp","href":"https:\/\/api.w.org\/{rel}","templated":true}]}}