{"id":60607,"date":"2025-12-11T15:14:00","date_gmt":"2025-12-11T18:14:00","guid":{"rendered":"https:\/\/www.radiopresidenteibanez.cl\/web\/?p=60607"},"modified":"2025-12-11T11:19:44","modified_gmt":"2025-12-11T14:19:44","slug":"con-feria-emprendedora-atenciones-y-festival-conmemoraran-dia-de-los-derechos-humanos","status":"publish","type":"post","link":"https:\/\/www.radiopresidenteibanez.cl\/web\/con-feria-emprendedora-atenciones-y-festival-conmemoraran-dia-de-los-derechos-humanos\/","title":{"rendered":"CON FERIA EMPRENDEDORA, ATENCIONES Y FESTIVAL CONMEMORAR\u00c1N D\u00cdA DE LOS DERECHOS HUMANOS"},"content":{"rendered":"\n<p>Una especial invitaci\u00f3n a la ciudadan\u00eda formularon el Instituto Nacional de Derechos Humanos (INDH) y la Secretar\u00eda Regional Ministerial de Justicia y Derechos Humanos para hacerse parte este viernes 12, de las actividades de conmemoraci\u00f3n del D\u00eda Internacional de los Derechos Humanos, las cuales tendr\u00e1n lugar ese d\u00eda al aire libre en Plaza de Armas Mu\u00f1oz Gamero.<\/p>\n\n\n\n<p>As\u00ed lo destacaron el Jefe Regional del INDH, Cristian Figueroa, y la Seremi de Justicia y DD.HH., Michelle Peutat, al se\u00f1alar que en aquella jornada se contar\u00e1 durante la ma\u00f1ana con una Feria de emprendedoras, en tanto por la tarde funcionar\u00e1 una Feria de Servicios y se abrir\u00e1 un espacio a la cultura y a la m\u00fasica con un Festival de Derechos Humanos. En la oportunidad, Figueroa indic\u00f3 que pondr\u00e1n cierre adem\u00e1s a la sexta versi\u00f3n de la campa\u00f1a \u201cMagallanes Sin Discriminaci\u00f3n\u201d, que parti\u00f3 el 21 de noviembre con otras actividades y que cont\u00f3 con la presentaci\u00f3n de la obra teatral \u201cLa Orden\u201d, inspirada en la desaparici\u00f3n del estudiante magall\u00e1nico Ricardo H\u00e1rex.<\/p>\n\n\n\n<p>Agregaron que este viernes, desde las 10:30 horas se desarrollar\u00e1 en la Plaza un espacio destinado a mujeres emprendedoras de Magallanes, destacando la autonom\u00eda econ\u00f3mica como dimensi\u00f3n de derechos. A trav\u00e9s de esta feria se busca visibilizar el trabajo de mujeres diversas, migrantes, j\u00f3venes y adultas, reforzando la idea de que la econom\u00eda local tambi\u00e9n puede construirse desde una mirada inclusiva y comunitaria.<\/p>\n\n\n\n<p>En un ambiente familiar, participativo y territorial, tambi\u00e9n se dispondr\u00e1 a contar de las 15:00 horas de una Feria de Servicios P\u00fablicos a cargo de diversas instituciones prestadoras de derechos como INJUV, SENAMA, SENADIS, y entre las que se incluir\u00e1n las atenciones en terreno de \u201cJusticia+Cerca\u201d, a cargo de las Oficinas M\u00f3viles del Servicio de Registro Civil e Identificaci\u00f3n y de la Corporaci\u00f3n de Asistencia Judicial (CAJ).<\/p>\n\n\n\n<p>En tanto, el Festival de Derechos Humanos se extender\u00e1 de 15:00 a 18:00 horas, para destacar los 77 a\u00f1os de la Declaraci\u00f3n Universal de los Derechos Humanos, colocando en el centro un mensaje: \u201clos Derechos Humanos se viven todos los d\u00edas\u201d. \u00c9ste es organizado por el INDH Magallanes junto a la SEREM\u00cdA de Justicia y DD.HH., con el apoyo de instituciones p\u00fablicas, organizaciones sociales y artistas locales. Remarcaron que el evento busca contrarrestar discursos de odio mediante la presencia de arte, memoria, di\u00e1logo y participaci\u00f3n ciudadana, apuntando a promover una cultura de respeto, diversidad e inclusi\u00f3n.<\/p>\n\n\n\n<p>Para ello reiteraron la invitaci\u00f3n a toda la comunidad a participar de un espacio de educaci\u00f3n c\u00edvica, encuentro comunitario y reflexi\u00f3n, <em>\u201cfortaleciendo el tejido social en un contexto donde han aumentado los discursos de odio, la violencia y casos de discriminaci\u00f3n, especialmente hacia mujeres, personas LGBTIQ+, migrantes y personas con discapacidad\u201d,<\/em> expres\u00f3 la Seremi Peutat destac\u00f3.&nbsp;<\/p>\n\n\n\n<p>En este sentido, el Festival contempla presentaciones culturales que muestran la diversidad de la regi\u00f3n: Ballet Casa Azul del Arte, Ventisquera Austral, Taller Dance &amp; Fitness, junto a las bandas regionales Shuggar y Mousai Colectiva. All\u00ed habr\u00e1 espacios de animaci\u00f3n y c\u00e1psulas educativas sobre DD.HH., adem\u00e1s de los mensajes de autoridades regionales y un cierre comunitario con m\u00fasica y reflexi\u00f3n.<\/p>\n\n\n\n<p>Para el desarrollo de estas actividades se mantendr\u00e1 un cierre autorizado de tr\u00e1nsito desde las 12:00 a las 19:00 horas en calle Plaza Mu\u00f1oz Gamero (frente a la Delegaci\u00f3n Presidencial Regional) entre Waldo Seguel y Fagnano.<\/p>\n","protected":false},"excerpt":{"rendered":"<p>Una especial invitaci\u00f3n a la ciudadan\u00eda formularon el Instituto Nacional de Derechos Humanos (INDH) y la Secretar\u00eda Regional Ministerial de Justicia y Derechos Humanos para hacerse parte este viernes 12,&#8230; <a class=\"read-more\" href=\"https:\/\/www.radiopresidenteibanez.cl\/web\/con-feria-emprendedora-atenciones-y-festival-conmemoraran-dia-de-los-derechos-humanos\/\">Leer m\u00e1s<\/a><\/p>\n","protected":false},"author":2,"featured_media":60608,"comment_status":"closed","ping_status":"closed","sticky":false,"template":"","format":"standard","meta":{"footnotes":""},"categories":[1],"tags":[],"class_list":["post-60607","post","type-post","status-publish","format-standard","has-post-thumbnail","hentry","category-cronica"],"_links":{"self":[{"href":"https:\/\/www.radiopresidenteibanez.cl\/web\/wp-json\/wp\/v2\/posts\/60607","targetHints":{"allow":["GET"]}}],"collection":[{"href":"https:\/\/www.radiopresidenteibanez.cl\/web\/wp-json\/wp\/v2\/posts"}],"about":[{"href":"https:\/\/www.radiopresidenteibanez.cl\/web\/wp-json\/wp\/v2\/types\/post"}],"author":[{"embeddable":true,"href":"https:\/\/www.radiopresidenteibanez.cl\/web\/wp-json\/wp\/v2\/users\/2"}],"replies":[{"embeddable":true,"href":"https:\/\/www.radiopresidenteibanez.cl\/web\/wp-json\/wp\/v2\/comments?post=60607"}],"version-history":[{"count":0,"href":"https:\/\/www.radiopresidenteibanez.cl\/web\/wp-json\/wp\/v2\/posts\/60607\/revisions"}],"wp:featuredmedia":[{"embeddable":true,"href":"https:\/\/www.radiopresidenteibanez.cl\/web\/wp-json\/wp\/v2\/media\/60608"}],"wp:attachment":[{"href":"https:\/\/www.radiopresidenteibanez.cl\/web\/wp-json\/wp\/v2\/media?parent=60607"}],"wp:term":[{"taxonomy":"category","embeddable":true,"href":"https:\/\/www.radiopresidenteibanez.cl\/web\/wp-json\/wp\/v2\/categories?post=60607"},{"taxonomy":"post_tag","embeddable":true,"href":"https:\/\/www.radiopresidenteibanez.cl\/web\/wp-json\/wp\/v2\/tags?post=60607"}],"curies":[{"name":"wp","href":"https:\/\/api.w.org\/{rel}","templated":true}]}}