{"id":60604,"date":"2025-12-11T13:02:00","date_gmt":"2025-12-11T16:02:00","guid":{"rendered":"https:\/\/www.radiopresidenteibanez.cl\/web\/?p=60604"},"modified":"2025-12-11T11:14:30","modified_gmt":"2025-12-11T14:14:30","slug":"gobierno-aborda-con-comunidad-educativa-del-jardin-infantil-vientos-del-sur-el-avance-del-parque-urbano-que-se-desarrolla-en-la-poblacion-raul-silva-henriquez","status":"publish","type":"post","link":"https:\/\/www.radiopresidenteibanez.cl\/web\/gobierno-aborda-con-comunidad-educativa-del-jardin-infantil-vientos-del-sur-el-avance-del-parque-urbano-que-se-desarrolla-en-la-poblacion-raul-silva-henriquez\/","title":{"rendered":"Gobierno aborda con comunidad educativa del Jard\u00edn Infantil Vientos del Sur el avance del parque urbano que se desarrolla en la Poblaci\u00f3n Ra\u00fal Silva Henriquez"},"content":{"rendered":"\n<p>Junto a los ni\u00f1os, ni\u00f1as y el equipo educativo de la sala cuna y jard\u00edn infantil Vientos del Sur de Fundaci\u00f3n Integra, esta ma\u00f1ana el Delegado Presidencial<br>Regional Jos\u00e9 Ruiz, y los Seremis de Gobierno Andro Mimica, y de Obras P\u00fablicas Jos\u00e9 Hern\u00e1ndez, abordaron el avance del parque urbano que se<br>desarrolla en la Poblaci\u00f3n Ra\u00fal Silva Henr\u00edquez, frente al establecimiento educacional.<br>El a\u00f1o pasado, la comunidad educativa particip\u00f3 activamente entregando propuestas a las autoridades regionales para el dise\u00f1o del parque urbano en<br>Punta Arenas, las que se recogieron y hoy entre aplausos de los ni\u00f1os y ni\u00f1as se les inform\u00f3 que el recinto llevar\u00e1 el nombre de \u201cParque de los Sue\u00f1os\u201d,<br>fomentando su apropiaci\u00f3n, ilusi\u00f3n y sentido de pertenencia hacia este espacio.<br>\u201cComo Gobierno del presidente Gabriel Boric hemos impulsado una iniciativa de red de parques, de abovedar esteros y convertirlos en espacios p\u00fablicos,<br>as\u00ed en Archipi\u00e9lago Chilo\u00e9, en Villa las Nieves, en Alfredo Lorca y ac\u00e1 frente al Jard\u00edn Vientos del Sur, donde justamente para recuperar espacios p\u00fablicos y<br>darle vitalidad, que mejor que con los ni\u00f1os y ni\u00f1as\u201d, destac\u00f3 el Delegado Presidencial Jos\u00e9 Ruiz.<br>Agreg\u00f3 que \u201cen este jard\u00edn estuvimos presentando el proyecto meses atr\u00e1s y la verdad hicimos correcciones porque los mismos ni\u00f1os y ni\u00f1as nos dieron<br>ideas de lo que quer\u00edan en su parque y ah\u00ed surgieron ideas de toboganes, de cajones de arena y lo que m\u00e1s nos sorprendi\u00f3 en su momento es que los ni\u00f1os<br>no solamente est\u00e1n pensando en ellos, dec\u00edan que sea un espacio y un parque para ni\u00f1os y tambi\u00e9n para adultos. Por ello, con los dibujos que nos<br>presentaron, con las ideas que nos dieron, se fue modificando este proyecto y les vinimos a presentar c\u00f3mo va a ser este parque que ya est\u00e1 en ejecuci\u00f3n\u201d.<br>Por su parte, el Seremi de Gobierno, Andro Mimica, estableci\u00f3 que \u201cnecesitamos que la gente en la comuna de Punta Arenas y la Regi\u00f3n de Magallanes<br>pueda vivir mejor, y como Gobierno nos pusimos distintas metas y una era poder mejorar los espacios p\u00fablicos y tambi\u00e9n hacer que la misma gente a trav\u00e9s<br>de estos espacios pudiese tener mayor seguridad y pudiese tener espacios de convivencia no solamente para los ni\u00f1os, sino tambi\u00e9n pensado en los<br>adultos, y es lo que estamos viviendo hoy d\u00eda y que est\u00e1 en plena construcci\u00f3n en distintos puntos de la ciudad\u201d.<br>En la ocasi\u00f3n, el Seremi de Obras P\u00fablicas, Jos\u00e9 Luis Hern\u00e1ndez, inform\u00f3 en detalle igualmente el proyecto, se\u00f1alando que las obras consideran un<br>perfilamiento del cauce y la instalaci\u00f3n de protecciones con muros de hormig\u00f3n y enrocados para evitar la socavaci\u00f3n de los taludes y del lecho.<br>Desde el punto de vista paisaj\u00edstico, en tanto, considera veredas, hormig\u00f3n estampado, mobiliario urbano, juegos infantiles, luminarias y \u00e1rboles.<\/p>\n\n\n\n<p>\u201cEl objetivo es ejecutar una regulaci\u00f3n hidr\u00e1ulica del cauce de un canal en el sector, lo que permitir\u00e1 reducir riesgos de inundaciones, integrando adem\u00e1s<br>componentes de espacio p\u00fablico y cuidado del entorno para los vecinos del sector y la comunidad educativa del Jard\u00edn Infantil\u201d, destac\u00f3 el Seremi del MOP.<br>El objetivo del Gobierno es crear un lugar para so\u00f1ar y crecer, que no s\u00f3lo sea cemento sino un espacio vivo donde los ni\u00f1os y ni\u00f1as puedan jugar,<br>imaginar, compartir con sus familias y crecer en comunidad.<br>En este marco, la ejecuci\u00f3n de esta obra fue muy valorada por la directora subrogante del establecimiento educacional Macarena Vel\u00e1squez.<br>\u201cEstamos muy contentos, como comunidad educativa, de participar en este proyecto a trav\u00e9s de la voz y el protagonismo de las ni\u00f1as y ni\u00f1os, quienes han<br>expresado sus opiniones e intereses a las autoridades, como ciudadanos activos de la sociedad, las que han sido consideradas en la creaci\u00f3n de este<br>parque urbano frente a nuestro jard\u00edn. Sin duda, va a enriquecer nuestro entorno y abrir\u00e1 un nuevo espacio para jugar, compartir y disfrutar, siendo un aporte<br>tambi\u00e9n para su desarrollo y bienestar\u201d, destac\u00f3 Vel\u00e1squez.<br>En la actividad, participaron adem\u00e1s el director subrogante de Fundaci\u00f3n Integra, Cristian P\u00e9rez Oyarz\u00fan, y la jefa subrogante del departamento Educativo,<br>Anabel G\u00f3mez Veras.<\/p>\n","protected":false},"excerpt":{"rendered":"<p>Junto a los ni\u00f1os, ni\u00f1as y el equipo educativo de la sala cuna y jard\u00edn infantil Vientos del Sur de Fundaci\u00f3n Integra, esta ma\u00f1ana el Delegado PresidencialRegional Jos\u00e9 Ruiz, y&#8230; <a class=\"read-more\" href=\"https:\/\/www.radiopresidenteibanez.cl\/web\/gobierno-aborda-con-comunidad-educativa-del-jardin-infantil-vientos-del-sur-el-avance-del-parque-urbano-que-se-desarrolla-en-la-poblacion-raul-silva-henriquez\/\">Leer m\u00e1s<\/a><\/p>\n","protected":false},"author":2,"featured_media":60605,"comment_status":"closed","ping_status":"closed","sticky":false,"template":"","format":"standard","meta":{"footnotes":""},"categories":[1],"tags":[],"class_list":["post-60604","post","type-post","status-publish","format-standard","has-post-thumbnail","hentry","category-cronica"],"_links":{"self":[{"href":"https:\/\/www.radiopresidenteibanez.cl\/web\/wp-json\/wp\/v2\/posts\/60604","targetHints":{"allow":["GET"]}}],"collection":[{"href":"https:\/\/www.radiopresidenteibanez.cl\/web\/wp-json\/wp\/v2\/posts"}],"about":[{"href":"https:\/\/www.radiopresidenteibanez.cl\/web\/wp-json\/wp\/v2\/types\/post"}],"author":[{"embeddable":true,"href":"https:\/\/www.radiopresidenteibanez.cl\/web\/wp-json\/wp\/v2\/users\/2"}],"replies":[{"embeddable":true,"href":"https:\/\/www.radiopresidenteibanez.cl\/web\/wp-json\/wp\/v2\/comments?post=60604"}],"version-history":[{"count":0,"href":"https:\/\/www.radiopresidenteibanez.cl\/web\/wp-json\/wp\/v2\/posts\/60604\/revisions"}],"wp:featuredmedia":[{"embeddable":true,"href":"https:\/\/www.radiopresidenteibanez.cl\/web\/wp-json\/wp\/v2\/media\/60605"}],"wp:attachment":[{"href":"https:\/\/www.radiopresidenteibanez.cl\/web\/wp-json\/wp\/v2\/media?parent=60604"}],"wp:term":[{"taxonomy":"category","embeddable":true,"href":"https:\/\/www.radiopresidenteibanez.cl\/web\/wp-json\/wp\/v2\/categories?post=60604"},{"taxonomy":"post_tag","embeddable":true,"href":"https:\/\/www.radiopresidenteibanez.cl\/web\/wp-json\/wp\/v2\/tags?post=60604"}],"curies":[{"name":"wp","href":"https:\/\/api.w.org\/{rel}","templated":true}]}}