{"id":60601,"date":"2025-12-11T11:39:00","date_gmt":"2025-12-11T14:39:00","guid":{"rendered":"https:\/\/www.radiopresidenteibanez.cl\/web\/?p=60601"},"modified":"2025-12-11T11:00:20","modified_gmt":"2025-12-11T14:00:20","slug":"consejero-destaca-claridad-programatica-de-jannette-jara-y-llama-a-participar-en-las-elecciones-del-14-de-diciembre","status":"publish","type":"post","link":"https:\/\/www.radiopresidenteibanez.cl\/web\/consejero-destaca-claridad-programatica-de-jannette-jara-y-llama-a-participar-en-las-elecciones-del-14-de-diciembre\/","title":{"rendered":"Consejero destaca claridad program\u00e1tica de Jannette Jara y llama a participar en las elecciones del 14 de diciembre"},"content":{"rendered":"\n<p>El consejero regional y presidente del Partido Radical en Magallanes, Rodolfo C\u00e1rdenas, hizo un llamado a la ciudadan\u00eda a participar activamente en las elecciones del pr\u00f3ximo 14 de diciembre, subrayando que la importancia del proceso \u201cse ver\u00e1 reflejada en la capacidad de cada persona para incidir en el futuro del pa\u00eds y de la regi\u00f3n\u201d. Seg\u00fan indic\u00f3, el panorama electoral muestra \u201ca una candidata que habla con certezas y claridad, como Jannette Jara, frente a otros sectores donde solo se escuchan cr\u00edticas y ausencia de propuestas\u201d.<\/p>\n\n\n\n<p>C\u00e1rdenas recalc\u00f3 que, para los habitantes de Magallanes, uno de los aspectos prioritarios es promover el desarrollo y crecimiento del territorio austral. En esa l\u00ednea, valor\u00f3 que la candidatura de Jara incluya propuestas con enfoque regional, basadas en el conocimiento de las realidades locales y en un modelo de gobierno \u201ccercano, eficiente en su gesti\u00f3n administrativa y financiera\u201d, orientado a modernizar el Estado y responder a las necesidades ciudadanas.<\/p>\n\n\n\n<p>El representante destac\u00f3 tambi\u00e9n que la postulante plantea medidas destinadas a reactivar la econom\u00eda, fortalecer a los emprendedores y promover matrices productivas locales, junto con resguardar \u00e1reas clave como la salud y la educaci\u00f3n. A su juicio, estas propuestas constituyen un eje relevante para avanzar en el bienestar y el desarrollo de la regi\u00f3n.<\/p>\n\n\n\n<p>Asimismo, C\u00e1rdenas relev\u00f3 la importancia del sistema nacional de cuidados, proyecto que \u2014seg\u00fan afirm\u00f3\u2014 Jara est\u00e1 preparada para liderar. Indic\u00f3 que esta pol\u00edtica permitir\u00e1 otorgar mejores condiciones de atenci\u00f3n, acompa\u00f1amiento y protecci\u00f3n tanto a las personas que requieren cuidados como a quienes los brindan, grupos que \u201cmuchas veces han sido afectados por la invisibilidad\u201d.<\/p>\n\n\n\n<p>Para el representante del Partido Radical, el sentido social, productivo y de desarrollo presente en el programa de Jannette Jara constituye una oportunidad tanto para Magallanes como para el pa\u00eds, motivo por el cual reiter\u00f3 su llamado a informarse y participar responsablemente en el proceso electoral del 14 de diciembre<\/p>\n","protected":false},"excerpt":{"rendered":"<p>El consejero regional y presidente del Partido Radical en Magallanes, Rodolfo C\u00e1rdenas, hizo un llamado a la ciudadan\u00eda a participar activamente en las elecciones del pr\u00f3ximo 14 de diciembre, subrayando&#8230; <a class=\"read-more\" href=\"https:\/\/www.radiopresidenteibanez.cl\/web\/consejero-destaca-claridad-programatica-de-jannette-jara-y-llama-a-participar-en-las-elecciones-del-14-de-diciembre\/\">Leer m\u00e1s<\/a><\/p>\n","protected":false},"author":2,"featured_media":60602,"comment_status":"closed","ping_status":"closed","sticky":false,"template":"","format":"standard","meta":{"footnotes":""},"categories":[1],"tags":[],"class_list":["post-60601","post","type-post","status-publish","format-standard","has-post-thumbnail","hentry","category-cronica"],"_links":{"self":[{"href":"https:\/\/www.radiopresidenteibanez.cl\/web\/wp-json\/wp\/v2\/posts\/60601","targetHints":{"allow":["GET"]}}],"collection":[{"href":"https:\/\/www.radiopresidenteibanez.cl\/web\/wp-json\/wp\/v2\/posts"}],"about":[{"href":"https:\/\/www.radiopresidenteibanez.cl\/web\/wp-json\/wp\/v2\/types\/post"}],"author":[{"embeddable":true,"href":"https:\/\/www.radiopresidenteibanez.cl\/web\/wp-json\/wp\/v2\/users\/2"}],"replies":[{"embeddable":true,"href":"https:\/\/www.radiopresidenteibanez.cl\/web\/wp-json\/wp\/v2\/comments?post=60601"}],"version-history":[{"count":0,"href":"https:\/\/www.radiopresidenteibanez.cl\/web\/wp-json\/wp\/v2\/posts\/60601\/revisions"}],"wp:featuredmedia":[{"embeddable":true,"href":"https:\/\/www.radiopresidenteibanez.cl\/web\/wp-json\/wp\/v2\/media\/60602"}],"wp:attachment":[{"href":"https:\/\/www.radiopresidenteibanez.cl\/web\/wp-json\/wp\/v2\/media?parent=60601"}],"wp:term":[{"taxonomy":"category","embeddable":true,"href":"https:\/\/www.radiopresidenteibanez.cl\/web\/wp-json\/wp\/v2\/categories?post=60601"},{"taxonomy":"post_tag","embeddable":true,"href":"https:\/\/www.radiopresidenteibanez.cl\/web\/wp-json\/wp\/v2\/tags?post=60601"}],"curies":[{"name":"wp","href":"https:\/\/api.w.org\/{rel}","templated":true}]}}