{"id":60597,"date":"2025-12-11T10:21:06","date_gmt":"2025-12-11T13:21:06","guid":{"rendered":"https:\/\/www.radiopresidenteibanez.cl\/web\/?p=60597"},"modified":"2025-12-11T10:22:43","modified_gmt":"2025-12-11T13:22:43","slug":"galeria-palace-abre-espacio-al-mercado-campesino-de-indap-en-pleno-centro-de-punta-arenas","status":"publish","type":"post","link":"https:\/\/www.radiopresidenteibanez.cl\/web\/galeria-palace-abre-espacio-al-mercado-campesino-de-indap-en-pleno-centro-de-punta-arenas\/","title":{"rendered":"Galer\u00eda Palace abre espacio al Mercado Campesino de INDAP en pleno centro de Punta Arenas\u00a0"},"content":{"rendered":"\n<p>Todos los viernes, la hist\u00f3rica Galer\u00eda Palace, en pleno centro de Punta Arenas, abre sus puertas al Mercado Campesino, un espacio donde cuatro agricultores usuarios de INDAP ofrecen productos frescos, sanos y reci\u00e9n cosechados. El horario de atenci\u00f3n es de 10:30 a 16:30 horas, en una iniciativa que busca acercar el campo a la ciudad y reforzar la soberan\u00eda alimentaria en la regi\u00f3n.&nbsp;<\/p>\n\n\n\n<p>En cada jornada, las y los agricultores ponen a disposici\u00f3n del p\u00fablico hortalizas de temporada, plantas, papas, huevos de campo y otros productos elaborados a peque\u00f1a escala, bajo el concepto de circuitos cortos: del campo a la mesa, sin intermediarios. De esta manera se promueve un precio justo tanto para quienes producen como para quienes compran, adem\u00e1s de reducir la huella ambiental asociada al traslado de alimentos.&nbsp;<\/p>\n\n\n\n<p>Gabriel Zegers, director regional de INDAP, destac\u00f3 que la apertura de este nuevo espacio marca un paso importante en la consolidaci\u00f3n de los Mercados Campesinos en la ciudad. \u201cHoy contamos con una red de Mercados Campesinos que cubre pr\u00e1cticamente todo Punta Arenas. Son siete puntos de venta estables que funcionan, al menos, un d\u00eda a la semana en distintos sectores, lo que permite que las familias encuentren productos locales de manera permanente y cercana a sus barrios\u201d, subray\u00f3.&nbsp;<\/p>\n\n\n\n<p>El administrador de la Galer\u00eda Palace, Mario Candia,&nbsp;valor\u00f3 que el nuevo Mercado Campesino se inserta en el esfuerzo por revitalizar el casco hist\u00f3rico y ofrecer nuevas alternativas a quienes transitan a diario por el centro.&nbsp;\u201cQueremos que la galer\u00eda sea un punto de encuentro con la producci\u00f3n local, donde hacer las compras de la semana sea sencillo y, al mismo tiempo, un gesto concreto de apoyo a las familias campesinas de Magallanes\u201d, indic\u00f3.&nbsp;<\/p>\n\n\n\n<p>Candia a\u00f1adi\u00f3 que esta alianza con INDAP permite ampliar la oferta para residentes y turistas. \u201cTraer el Mercado Campesino a la Galer\u00eda Palace es conectar dos mundos: el patrimonio comercial del centro y el trabajo silencioso de quienes siembran, riegan y cosechan en condiciones muchas veces extremas. Cuando alguien compra aqu\u00ed, est\u00e1 ayudando a sostener esa agricultura y a que la ciudad no le d\u00e9 la espalda al campo\u201d, enfatiz\u00f3.&nbsp;<\/p>\n\n\n\n<p>Este nuevo punto de venta se suma a los dem\u00e1s Mercados Campesinos que funcionan en la comuna de Punta Arenas durante la temporada 2025\u20132026, entre ellos los instalados en el Mall Espacio Urbano Pionero; la Asociaci\u00f3n Gremial de Agricultores y Afines en avenida Los Generales 0350; el CESFAM&nbsp;Damianovic; el CESFAM Thomas Fenton; el CECOF Sandra Vargas; y el Centro Cultural R\u00edo Seco. Juntos conforman una red que busca fortalecer la econom\u00eda local, la cultura y la sabidur\u00eda campesina de Magallanes.&nbsp;<\/p>\n","protected":false},"excerpt":{"rendered":"<p>Todos los viernes, la hist\u00f3rica Galer\u00eda Palace, en pleno centro de Punta Arenas, abre sus puertas al Mercado Campesino, un espacio donde cuatro agricultores usuarios de INDAP ofrecen productos frescos,&#8230; <a class=\"read-more\" href=\"https:\/\/www.radiopresidenteibanez.cl\/web\/galeria-palace-abre-espacio-al-mercado-campesino-de-indap-en-pleno-centro-de-punta-arenas\/\">Leer m\u00e1s<\/a><\/p>\n","protected":false},"author":2,"featured_media":60598,"comment_status":"closed","ping_status":"closed","sticky":false,"template":"","format":"standard","meta":{"footnotes":""},"categories":[1],"tags":[],"class_list":["post-60597","post","type-post","status-publish","format-standard","has-post-thumbnail","hentry","category-cronica"],"_links":{"self":[{"href":"https:\/\/www.radiopresidenteibanez.cl\/web\/wp-json\/wp\/v2\/posts\/60597","targetHints":{"allow":["GET"]}}],"collection":[{"href":"https:\/\/www.radiopresidenteibanez.cl\/web\/wp-json\/wp\/v2\/posts"}],"about":[{"href":"https:\/\/www.radiopresidenteibanez.cl\/web\/wp-json\/wp\/v2\/types\/post"}],"author":[{"embeddable":true,"href":"https:\/\/www.radiopresidenteibanez.cl\/web\/wp-json\/wp\/v2\/users\/2"}],"replies":[{"embeddable":true,"href":"https:\/\/www.radiopresidenteibanez.cl\/web\/wp-json\/wp\/v2\/comments?post=60597"}],"version-history":[{"count":0,"href":"https:\/\/www.radiopresidenteibanez.cl\/web\/wp-json\/wp\/v2\/posts\/60597\/revisions"}],"wp:featuredmedia":[{"embeddable":true,"href":"https:\/\/www.radiopresidenteibanez.cl\/web\/wp-json\/wp\/v2\/media\/60598"}],"wp:attachment":[{"href":"https:\/\/www.radiopresidenteibanez.cl\/web\/wp-json\/wp\/v2\/media?parent=60597"}],"wp:term":[{"taxonomy":"category","embeddable":true,"href":"https:\/\/www.radiopresidenteibanez.cl\/web\/wp-json\/wp\/v2\/categories?post=60597"},{"taxonomy":"post_tag","embeddable":true,"href":"https:\/\/www.radiopresidenteibanez.cl\/web\/wp-json\/wp\/v2\/tags?post=60597"}],"curies":[{"name":"wp","href":"https:\/\/api.w.org\/{rel}","templated":true}]}}