{"id":60595,"date":"2025-12-11T09:01:00","date_gmt":"2025-12-11T12:01:00","guid":{"rendered":"https:\/\/www.radiopresidenteibanez.cl\/web\/?p=60595"},"modified":"2025-12-11T08:54:56","modified_gmt":"2025-12-11T11:54:56","slug":"boletin-informativo-orbe-114","status":"publish","type":"post","link":"https:\/\/www.radiopresidenteibanez.cl\/web\/boletin-informativo-orbe-114\/","title":{"rendered":"Boletin Informativo ORBE"},"content":{"rendered":"\n<p>SANTIAGO.- A dos d\u00e9cadas de la firma del Tratado de Libre<br>Comercio, TLC, entre Chile y China, acuerdo que concentra<br>cerca del 40 por ciento de las exportaciones nacionales,<br>diversas autoridades se reunieron para proyectar el futuro de<br>la relaci\u00f3n bilateral. La instancia se dio en el marco de un<br>seminario realizado por Clapes UC, que cont\u00f3 con la<br>participaci\u00f3n del expresidente Eduardo Frei y del actual<br>embajador de China en Chile, Niu Qingbao.<\/p>\n\n\n\n<p>SANTIAGO.-Durante el evento, se destac\u00f3 c\u00f3mo el acuerdo<br>liberaliz\u00f3 el comercio, motivado la inversi\u00f3n y promovido la<br>integraci\u00f3n entre ambas naciones. Sobre el escenario pol\u00edtico<br>actual en Chile y la eventual alternancia en el gobierno, el<br>embajador Niu Qingbao fue enf\u00e1tico en recalcar la solidez de<br>los lazos diplom\u00e1ticos, descartando que los cambios de<br>administraci\u00f3n afecten el v\u00ednculo con el gigante asi\u00e1tico.<\/p>\n\n\n\n<p>SANTIAGO.-\u00abAnte todo quiero decir que la relaci\u00f3n entre China<br>y Chile siempre es estable. China est\u00e1 dispuesta a<br>desarrollar la relaci\u00f3n diplom\u00e1tica con Chile en base de la<br>igualdad, respeto mutuo y beneficio mutuo\u00bb, se\u00f1al\u00f3 el<br>diplom\u00e1tico.<\/p>\n\n\n\n<p>SANTIAGO.- El astr\u00f3nomo y Premio Nacional de Ciencias<br>Exactas de 1999, Jos\u00e9 Maza, se sum\u00f3 a la pol\u00e9mica generada<br>por el megaproyecto energ\u00e9tico INNA, de la empresa AES Andes,<br>cuya contaminaci\u00f3n lum\u00ednica \u00absacar\u00eda de su sitial\u00bb a Chile<br>como l\u00edder mundial en calidad celeste. Esto, al instalar una<br>planta de hidr\u00f3geno verde a pocos kil\u00f3metros del Observatorio<br>Paranal en el Desierto de Atacama.<\/p>\n\n\n\n<p>SANTIAGO.-Maza se\u00f1al\u00f3 que la astronom\u00eda, que lleg\u00f3 primero y<br>representa una inversi\u00f3n multimillonaria e irremplazable,<br>debe ser respetada, y el proyecto de hidr\u00f3geno verde, aunque<br>necesario, debe reubicarse a una distancia que no comprometa<br>la calidad \u00fanica del cielo de Atacama. Y asegur\u00f3 que el<br>proyecto, por su cercan\u00eda, \u00absin duda sacar\u00eda de su sitial al<br>mejor lugar del mundo para hacer astronom\u00eda\u00bb.<\/p>\n\n\n\n<p>SANTIAGO.- El el profesor em\u00e9rito de la Universidad de Chile<br>reconoci\u00f3 la importancia de la energ\u00eda limpia y sostuvo que<br>\u00abChile necesita desarrollar hidr\u00f3geno verde, en el norte con<br>energ\u00eda fotovoltaica y e\u00f3lica y en el sur con energ\u00eda<br>e\u00f3lica\u00bb. Sin embargo, para \u00e9l, no se trata de una elecci\u00f3n<br>excluyente, sino de una cuesti\u00f3n de ubicaci\u00f3n estrat\u00e9gica.<\/p>\n","protected":false},"excerpt":{"rendered":"<p>SANTIAGO.- A dos d\u00e9cadas de la firma del Tratado de LibreComercio, TLC, entre Chile y China, acuerdo que concentracerca del 40 por ciento de las exportaciones nacionales,diversas autoridades se reunieron&#8230; <a class=\"read-more\" href=\"https:\/\/www.radiopresidenteibanez.cl\/web\/boletin-informativo-orbe-114\/\">Leer m\u00e1s<\/a><\/p>\n","protected":false},"author":2,"featured_media":60564,"comment_status":"closed","ping_status":"closed","sticky":false,"template":"","format":"standard","meta":{"footnotes":""},"categories":[1],"tags":[],"class_list":["post-60595","post","type-post","status-publish","format-standard","has-post-thumbnail","hentry","category-cronica"],"_links":{"self":[{"href":"https:\/\/www.radiopresidenteibanez.cl\/web\/wp-json\/wp\/v2\/posts\/60595","targetHints":{"allow":["GET"]}}],"collection":[{"href":"https:\/\/www.radiopresidenteibanez.cl\/web\/wp-json\/wp\/v2\/posts"}],"about":[{"href":"https:\/\/www.radiopresidenteibanez.cl\/web\/wp-json\/wp\/v2\/types\/post"}],"author":[{"embeddable":true,"href":"https:\/\/www.radiopresidenteibanez.cl\/web\/wp-json\/wp\/v2\/users\/2"}],"replies":[{"embeddable":true,"href":"https:\/\/www.radiopresidenteibanez.cl\/web\/wp-json\/wp\/v2\/comments?post=60595"}],"version-history":[{"count":0,"href":"https:\/\/www.radiopresidenteibanez.cl\/web\/wp-json\/wp\/v2\/posts\/60595\/revisions"}],"wp:featuredmedia":[{"embeddable":true,"href":"https:\/\/www.radiopresidenteibanez.cl\/web\/wp-json\/wp\/v2\/media\/60564"}],"wp:attachment":[{"href":"https:\/\/www.radiopresidenteibanez.cl\/web\/wp-json\/wp\/v2\/media?parent=60595"}],"wp:term":[{"taxonomy":"category","embeddable":true,"href":"https:\/\/www.radiopresidenteibanez.cl\/web\/wp-json\/wp\/v2\/categories?post=60595"},{"taxonomy":"post_tag","embeddable":true,"href":"https:\/\/www.radiopresidenteibanez.cl\/web\/wp-json\/wp\/v2\/tags?post=60595"}],"curies":[{"name":"wp","href":"https:\/\/api.w.org\/{rel}","templated":true}]}}