{"id":6059,"date":"2019-07-30T21:10:27","date_gmt":"2019-07-30T21:10:27","guid":{"rendered":"http:\/\/www.radiopresidenteibanez.cl\/web\/?p=6059"},"modified":"2019-07-30T22:29:54","modified_gmt":"2019-07-30T22:29:54","slug":"se-mantendra-el-valor-de-las-entradas-y-el-lugar-para-una-nueva-version-del-festival-en-la-patagonia","status":"publish","type":"post","link":"https:\/\/www.radiopresidenteibanez.cl\/web\/se-mantendra-el-valor-de-las-entradas-y-el-lugar-para-una-nueva-version-del-festival-en-la-patagonia\/","title":{"rendered":"SE MANTENDR\u00c1 EL VALOR DE LAS ENTRADAS Y EL LUGAR PARA UNA NUEVA VERSI\u00d3N DEL FESTIVAL EN LA PATAGONIA"},"content":{"rendered":"\n<p>En contacto telef\u00f3nico con el programa \u201cQue Tarde, Esta\nTarde\u201d, conducido por Cristofer Hern\u00e1ndez, la concejala por Punta Arenas, Ver\u00f3nica\nAguilar, coment\u00f3 que en dependencias del Gimnasio de la Confederaci\u00f3n Deportiva\nse realizar\u00e1 una nueva versi\u00f3n del Festival en la Patagonia as\u00ed tambi\u00e9n que se\nmantendr\u00e1 el valor de las entradas. Esta decisi\u00f3n ser\u00e1 puesta en tabla para la\nsesi\u00f3n del concejo municipal de este d\u00eda mi\u00e9rcoles.<\/p>\n\n\n\n<p>As\u00ed tambi\u00e9n expres\u00f3 que la parrilla de artistas se encuentra confirmada casi en su totalidad y que solo falta que la m\u00e1xima autoridad comunal Claudio Radonich la entregue a la comunidad.<\/p>\n\n\n\n<p>Link de la entrevista:  <a href=\"https:\/\/www.facebook.com\/287588041574\/videos\/908568622820869\/\">https:\/\/www.facebook.com\/287588041574\/videos\/908568622820869\/<\/a> <\/p>\n","protected":false},"excerpt":{"rendered":"<p>En contacto telef\u00f3nico con el programa \u201cQue Tarde, Esta Tarde\u201d, conducido por Cristofer Hern\u00e1ndez, la concejala por Punta Arenas, Ver\u00f3nica Aguilar, coment\u00f3 que en dependencias del Gimnasio de la Confederaci\u00f3n&#8230; <a class=\"read-more\" href=\"https:\/\/www.radiopresidenteibanez.cl\/web\/se-mantendra-el-valor-de-las-entradas-y-el-lugar-para-una-nueva-version-del-festival-en-la-patagonia\/\">Leer m\u00e1s<\/a><\/p>\n","protected":false},"author":2,"featured_media":6060,"comment_status":"closed","ping_status":"closed","sticky":false,"template":"","format":"standard","meta":{"footnotes":""},"categories":[1,36],"tags":[],"class_list":["post-6059","post","type-post","status-publish","format-standard","has-post-thumbnail","hentry","category-cronica","category-videos"],"_links":{"self":[{"href":"https:\/\/www.radiopresidenteibanez.cl\/web\/wp-json\/wp\/v2\/posts\/6059","targetHints":{"allow":["GET"]}}],"collection":[{"href":"https:\/\/www.radiopresidenteibanez.cl\/web\/wp-json\/wp\/v2\/posts"}],"about":[{"href":"https:\/\/www.radiopresidenteibanez.cl\/web\/wp-json\/wp\/v2\/types\/post"}],"author":[{"embeddable":true,"href":"https:\/\/www.radiopresidenteibanez.cl\/web\/wp-json\/wp\/v2\/users\/2"}],"replies":[{"embeddable":true,"href":"https:\/\/www.radiopresidenteibanez.cl\/web\/wp-json\/wp\/v2\/comments?post=6059"}],"version-history":[{"count":0,"href":"https:\/\/www.radiopresidenteibanez.cl\/web\/wp-json\/wp\/v2\/posts\/6059\/revisions"}],"wp:featuredmedia":[{"embeddable":true,"href":"https:\/\/www.radiopresidenteibanez.cl\/web\/wp-json\/wp\/v2\/media\/6060"}],"wp:attachment":[{"href":"https:\/\/www.radiopresidenteibanez.cl\/web\/wp-json\/wp\/v2\/media?parent=6059"}],"wp:term":[{"taxonomy":"category","embeddable":true,"href":"https:\/\/www.radiopresidenteibanez.cl\/web\/wp-json\/wp\/v2\/categories?post=6059"},{"taxonomy":"post_tag","embeddable":true,"href":"https:\/\/www.radiopresidenteibanez.cl\/web\/wp-json\/wp\/v2\/tags?post=6059"}],"curies":[{"name":"wp","href":"https:\/\/api.w.org\/{rel}","templated":true}]}}