{"id":60588,"date":"2025-12-11T08:16:25","date_gmt":"2025-12-11T11:16:25","guid":{"rendered":"https:\/\/www.radiopresidenteibanez.cl\/web\/?p=60588"},"modified":"2025-12-11T08:16:43","modified_gmt":"2025-12-11T11:16:43","slug":"libro-de-la-agencia-de-calidad-de-la-educacion-destaca-iniciativa-de-la-escuela-elba-ojeda-gomez","status":"publish","type":"post","link":"https:\/\/www.radiopresidenteibanez.cl\/web\/libro-de-la-agencia-de-calidad-de-la-educacion-destaca-iniciativa-de-la-escuela-elba-ojeda-gomez\/","title":{"rendered":"Libro de la Agencia de Calidad de la Educaci\u00f3n destaca iniciativa de la escuela Elba Ojeda G\u00f3mez"},"content":{"rendered":"\n<p>En las p\u00e1ginas del libro \u201cSe puede\u201d, que acaba de publicar la Agencia de<br>Calidad de la Educaci\u00f3n, se destacan trece experiencias de distintos<br>establecimientos educacionales del pa\u00eds que han permitido alcanzar mejoras<br>significativas en la calidad de la ense\u00f1anza.<br>El texto incluye a la Escuela Elba Ojeda G\u00f3mez de Punta Arenas con una<br>descripci\u00f3n de su iniciativa denominada \u201cComunidad de aprendizaje para el<br>desarrollo profesional\u201d que se ejecuta desde el a\u00f1o 2018.<br>La directora de la escuela, Alejandra Correa Vargas, explic\u00f3 que \u201cnuestra<br>comunidad de aprendizaje funciona de forma sistem\u00e1tica potenciando las<br>habilidades, las competencias profesionales de nuestros docentes y tambi\u00e9n de<br>nuestros asistentes de la educaci\u00f3n a trav\u00e9s de diferentes actividades que<br>vamos realizando durante el a\u00f1o, potenciando el capital humano que hay<br>dentro de nuestra escuela para tener mejores aprendizajes para nuestros<br>estudiantes\u201d.<br>Se trata de una instancia de reflexi\u00f3n, colaboraci\u00f3n y formaci\u00f3n para mejorar<br>las pr\u00e1cticas pedag\u00f3gicas y el aprendizaje de los estudiantes, liderada por un<br>comit\u00e9 de desarrollo profesional que integran docentes que se articulan con el<br>equipo directivo para tener reuniones semanales en las que analizan las<br>necesidades de mejora e implementan las estrategias para abordarlas.<br>En el caso de la Escuela Elba Ojeda G\u00f3mez se aprecian avances en la<br>evaluaci\u00f3n docente y los aprendizajes de los estudiantes en la parte<br>pedag\u00f3gica y socioemocional, explic\u00f3 su directora.<br>La jefa de la Macrozona Austral de la Agencia de Calidad de la Educaci\u00f3n,<br>M\u00f3nica Cerro, indic\u00f3 que el libro \u201cSe puede\u201d recopila buenas pr\u00e1cticas a nivel<br>nacional \u201cque nos muestran de qu\u00e9 manera un establecimiento puede mejorar<br>y hacer sostenible en el tiempo sus mejoras y avances\u201d.<br>En la presentaci\u00f3n del texto particip\u00f3 el secretario ejecutivo de la Agencia de<br>Calidad de la Educaci\u00f3n, Gino Cortez Bolados, junto a representantes de<br>distintas comunidades educativas.<br>Los contenidos del libro se pueden conocer tambi\u00e9n en internet:<br>https:\/\/sepuede.agenciaeducacion.cl\/<\/p>\n","protected":false},"excerpt":{"rendered":"<p>En las p\u00e1ginas del libro \u201cSe puede\u201d, que acaba de publicar la Agencia deCalidad de la Educaci\u00f3n, se destacan trece experiencias de distintosestablecimientos educacionales del pa\u00eds que han permitido alcanzar&#8230; <a class=\"read-more\" href=\"https:\/\/www.radiopresidenteibanez.cl\/web\/libro-de-la-agencia-de-calidad-de-la-educacion-destaca-iniciativa-de-la-escuela-elba-ojeda-gomez\/\">Leer m\u00e1s<\/a><\/p>\n","protected":false},"author":2,"featured_media":60589,"comment_status":"closed","ping_status":"closed","sticky":false,"template":"","format":"standard","meta":{"footnotes":""},"categories":[1],"tags":[],"class_list":["post-60588","post","type-post","status-publish","format-standard","has-post-thumbnail","hentry","category-cronica"],"_links":{"self":[{"href":"https:\/\/www.radiopresidenteibanez.cl\/web\/wp-json\/wp\/v2\/posts\/60588","targetHints":{"allow":["GET"]}}],"collection":[{"href":"https:\/\/www.radiopresidenteibanez.cl\/web\/wp-json\/wp\/v2\/posts"}],"about":[{"href":"https:\/\/www.radiopresidenteibanez.cl\/web\/wp-json\/wp\/v2\/types\/post"}],"author":[{"embeddable":true,"href":"https:\/\/www.radiopresidenteibanez.cl\/web\/wp-json\/wp\/v2\/users\/2"}],"replies":[{"embeddable":true,"href":"https:\/\/www.radiopresidenteibanez.cl\/web\/wp-json\/wp\/v2\/comments?post=60588"}],"version-history":[{"count":0,"href":"https:\/\/www.radiopresidenteibanez.cl\/web\/wp-json\/wp\/v2\/posts\/60588\/revisions"}],"wp:featuredmedia":[{"embeddable":true,"href":"https:\/\/www.radiopresidenteibanez.cl\/web\/wp-json\/wp\/v2\/media\/60589"}],"wp:attachment":[{"href":"https:\/\/www.radiopresidenteibanez.cl\/web\/wp-json\/wp\/v2\/media?parent=60588"}],"wp:term":[{"taxonomy":"category","embeddable":true,"href":"https:\/\/www.radiopresidenteibanez.cl\/web\/wp-json\/wp\/v2\/categories?post=60588"},{"taxonomy":"post_tag","embeddable":true,"href":"https:\/\/www.radiopresidenteibanez.cl\/web\/wp-json\/wp\/v2\/tags?post=60588"}],"curies":[{"name":"wp","href":"https:\/\/api.w.org\/{rel}","templated":true}]}}