{"id":60582,"date":"2025-12-10T16:49:00","date_gmt":"2025-12-10T19:49:00","guid":{"rendered":"https:\/\/www.radiopresidenteibanez.cl\/web\/?p=60582"},"modified":"2025-12-10T12:09:54","modified_gmt":"2025-12-10T15:09:54","slug":"inach-se-adjudica-importante-proyecto-para-realizar-secuenciacion-genetica-en-la-antartica","status":"publish","type":"post","link":"https:\/\/www.radiopresidenteibanez.cl\/web\/inach-se-adjudica-importante-proyecto-para-realizar-secuenciacion-genetica-en-la-antartica\/","title":{"rendered":"INACH se adjudica importante proyecto para realizar secuenciaci\u00f3n gen\u00e9tica en la Ant\u00e1rtica"},"content":{"rendered":"\n<p>El Instituto Ant\u00e1rtico Chileno (INACH) se adjudic\u00f3 una de las iniciativas postuladas en el XIV Concurso de Equipamiento Cient\u00edfico y Tecnol\u00f3gico Mediano (Fondequip 2025) de la Agencia Nacional de Investigaci\u00f3n y Desarrollo (ANID) del Ministerio de Ciencia, Tecnolog\u00eda, Conocimiento e Innovaci\u00f3n. El proyecto titulado&nbsp;\u201cPlataforma de Secuenciaci\u00f3n Gen\u00e9tica para Investigaci\u00f3n en Ecosistemas Ant\u00e1rticos a Bordo del&nbsp;<em>AP Almirante Viel\u201d&nbsp;<\/em>recibir\u00e1 un financiamiento de 156 millones de pesos.<\/p>\n\n\n\n<p>Liderado por el investigador del Departamento Cient\u00edfico del INACH, Alejandro Font, este proyecto busca implementar una plataforma de secuenciaci\u00f3n gen\u00e9tica de tercera generaci\u00f3n basada en tecnolog\u00eda Oxford Nanopore. Esta tecnolog\u00eda permitir\u00e1 analizar el material gen\u00e9tico de muestras biol\u00f3gicas de manera r\u00e1pida y directa, sin necesidad de llevarlas a laboratorios especializados fuera de la regi\u00f3n.&nbsp;<\/p>\n\n\n\n<p>La nueva plataforma funcionar\u00e1 tanto a bordo del buque rompehielos&nbsp;<em>AP Almirante Viel<\/em>&nbsp;como en el edificio Embajador Jorge Bergu\u00f1o Barnes del INACH en Punta Arenas (Calle Lautaro Navarro 1245), facilitando la generaci\u00f3n de nuevos datos cient\u00edficos durante las propias expediciones ant\u00e1rticas.<\/p>\n\n\n\n<p>\u201cLa infraestructura permitir\u00e1 procesar muestras biol\u00f3gicas directamente en terreno, generando datos gen\u00f3micos y metagen\u00f3micos en tiempo real durante expediciones cient\u00edficas ant\u00e1rticas tanto en verano como en invierno. Sus aplicaciones incluyen la vigilancia de pat\u00f3genos emergentes (como el virus de la influenza aviar de alta patogenicidad), la detecci\u00f3n de especies invasoras, y la caracterizaci\u00f3n funcional de comunidades microbianas, aportando a la comprensi\u00f3n de los ecosistemas y efectos del cambio clim\u00e1tico sobre la biodiversidad ant\u00e1rtica\u201d, explica Font.&nbsp;<\/p>\n\n\n\n<p>El investigador destaca que contar con esta plataforma permitir\u00e1 reducir los tiempos de respuesta ante eventos din\u00e1micos en terreno, fortalecer la toma de decisiones cient\u00edficas durante las campa\u00f1as ant\u00e1rticas y descentralizar capacidades tecnol\u00f3gicas a nivel nacional. Tambi\u00e9n contribuir\u00e1 a la formaci\u00f3n de nuevas generaciones de especialistas y promover\u00e1 investigaciones colaborativas de alto impacto desarrolladas desde la regi\u00f3n de Magallanes y de la Ant\u00e1rtica Chilena.<\/p>\n\n\n\n<p>La iniciativa encabezada por el INACH forma parte de una red de colaboraci\u00f3n cient\u00edfica integrada por destacadas investigadoras e investigadores del Programa Nacional de Ciencia Ant\u00e1rtica (PROCIEN), pertenecientes a instituciones como la Universidad Austral de Chile, la Universidad Mayor, la Universidad de Santiago, el Instituto Milenio Biodiversidad de Ecosistemas Ant\u00e1rticos y Subant\u00e1rticos (Instituto Milenio BASE), el Instituto Milenio Centro de Regulaci\u00f3n del Genoma, adem\u00e1s de la Universidad de Magallanes como contraparte local.<\/p>\n\n\n\n<p>El Dr. Elie Poulin, investigador polar y director del Instituto Milenio BASE (Biodiversidad de Ecosistemas Ant\u00e1rticos y Subant\u00e1rticos), como parte de una de las instituciones asociadas, destac\u00f3 la relevancia de esta capacidad tecnol\u00f3gica y se\u00f1al\u00f3: \u201cLa instalaci\u00f3n de secuenciador de ADN a bordo del rompehielos&nbsp;<em>Viel<\/em>&nbsp;representa un avance estrat\u00e9gico para nuestra instituci\u00f3n. Contar con capacidad de secuenciaci\u00f3n&nbsp;<em>in situ<\/em>&nbsp;permitir\u00e1 obtener datos gen\u00f3micos de manera inmediata durante la campa\u00f1a, reduciendo tiempo cr\u00edtico entre el muestreo y el an\u00e1lisis y mejorando la toma de decisi\u00f3n cient\u00edfica en terreno\u201d.&nbsp;<\/p>\n\n\n\n<p>Esa infraestructura podr\u00e1 fortalecer estudios clave para su instituci\u00f3n, incluyendo \u201cmonitoreos gen\u00f3micos y metabarcoding, comunidades marinas y terrestres, caracterizaci\u00f3n r\u00e1pida de microbiomas asociados a agua, sedimentos, organismos, detecci\u00f3n temprana de especies invasoras o pat\u00f3genos, especialmente en el relevante en un contexto de gripe aviar en Ant\u00e1rtica, y tambi\u00e9n abarcando la gen\u00f3mica funcional ambiental para evaluar respuestas fisiol\u00f3gicas adaptativas en organismos ant\u00e1rticos\u201d, se\u00f1al\u00f3 Poulin.&nbsp;<\/p>\n\n\n\n<p>Finalmente, menciona que esta implementaci\u00f3n potenciar\u00e1 significativamente la investigaci\u00f3n polar chilena aumentando la calidad, rapidez y autonom\u00eda de los an\u00e1lisis biol\u00f3gicos realizados durante la expedici\u00f3n cient\u00edfica.<\/p>\n\n\n\n<p>Se proyecta que la plataforma est\u00e9 operativa a partir de la temporada de invierno de 2026, estando disponible para toda la comunidad cient\u00edfica nacional.<\/p>\n","protected":false},"excerpt":{"rendered":"<p>El Instituto Ant\u00e1rtico Chileno (INACH) se adjudic\u00f3 una de las iniciativas postuladas en el XIV Concurso de Equipamiento Cient\u00edfico y Tecnol\u00f3gico Mediano (Fondequip 2025) de la Agencia Nacional de Investigaci\u00f3n&#8230; <a class=\"read-more\" href=\"https:\/\/www.radiopresidenteibanez.cl\/web\/inach-se-adjudica-importante-proyecto-para-realizar-secuenciacion-genetica-en-la-antartica\/\">Leer m\u00e1s<\/a><\/p>\n","protected":false},"author":2,"featured_media":60583,"comment_status":"closed","ping_status":"closed","sticky":false,"template":"","format":"standard","meta":{"footnotes":""},"categories":[1],"tags":[],"class_list":["post-60582","post","type-post","status-publish","format-standard","has-post-thumbnail","hentry","category-cronica"],"_links":{"self":[{"href":"https:\/\/www.radiopresidenteibanez.cl\/web\/wp-json\/wp\/v2\/posts\/60582","targetHints":{"allow":["GET"]}}],"collection":[{"href":"https:\/\/www.radiopresidenteibanez.cl\/web\/wp-json\/wp\/v2\/posts"}],"about":[{"href":"https:\/\/www.radiopresidenteibanez.cl\/web\/wp-json\/wp\/v2\/types\/post"}],"author":[{"embeddable":true,"href":"https:\/\/www.radiopresidenteibanez.cl\/web\/wp-json\/wp\/v2\/users\/2"}],"replies":[{"embeddable":true,"href":"https:\/\/www.radiopresidenteibanez.cl\/web\/wp-json\/wp\/v2\/comments?post=60582"}],"version-history":[{"count":0,"href":"https:\/\/www.radiopresidenteibanez.cl\/web\/wp-json\/wp\/v2\/posts\/60582\/revisions"}],"wp:featuredmedia":[{"embeddable":true,"href":"https:\/\/www.radiopresidenteibanez.cl\/web\/wp-json\/wp\/v2\/media\/60583"}],"wp:attachment":[{"href":"https:\/\/www.radiopresidenteibanez.cl\/web\/wp-json\/wp\/v2\/media?parent=60582"}],"wp:term":[{"taxonomy":"category","embeddable":true,"href":"https:\/\/www.radiopresidenteibanez.cl\/web\/wp-json\/wp\/v2\/categories?post=60582"},{"taxonomy":"post_tag","embeddable":true,"href":"https:\/\/www.radiopresidenteibanez.cl\/web\/wp-json\/wp\/v2\/tags?post=60582"}],"curies":[{"name":"wp","href":"https:\/\/api.w.org\/{rel}","templated":true}]}}