{"id":60576,"date":"2025-12-10T13:47:00","date_gmt":"2025-12-10T16:47:00","guid":{"rendered":"https:\/\/www.radiopresidenteibanez.cl\/web\/?p=60576"},"modified":"2025-12-10T11:55:42","modified_gmt":"2025-12-10T14:55:42","slug":"conexion-rancagua-cirujano-videla-minvu-cuenta-con-recomendacion-satisfactoria-para-construir-nuevo-puente-sobre-rio-de-las-minas","status":"publish","type":"post","link":"https:\/\/www.radiopresidenteibanez.cl\/web\/conexion-rancagua-cirujano-videla-minvu-cuenta-con-recomendacion-satisfactoria-para-construir-nuevo-puente-sobre-rio-de-las-minas\/","title":{"rendered":"Conexi\u00f3n Rancagua- Cirujano Videla Minvu cuenta con recomendacion satisfactoria para construir nuevo puente sobre Rio de las Minas"},"content":{"rendered":"\n<p>Gracias a un trabajo coordinado entre el Departamento de Desarrollo Urbano de la Seremi de Vivienda y Urbanismo y el Serviu Regional, se logr\u00f3 obtener la Recomendaci\u00f3n Satisfactoria (RS) de parte de la Seremi de Desarrollo Social y Familia, para la construcci\u00f3n del puente sobre el R\u00edo de las Minas, que conectar\u00e1 la calle Cirujano Videla con Rancagua, habilitando una nueva v\u00eda continua en el eje norte sur, al poniente de Punta Arenas.<\/p>\n\n\n\n<p>\u201cNuestro Ministerio ha demostrado un notorio avance en la obtenci\u00f3n de la recomendaci\u00f3n t\u00e9cnica favorable para una importante cartera de proyectos urbanos en las diferentes comunas. De todas estas iniciativas, una de las m\u00e1s destacadas es precisamente la construcci\u00f3n del denominado puente Rancagua, que contribuir\u00e1 a la descongesti\u00f3n vial que se observa a diario en calle Zenteno y Avenida Eduardo Frei Montalva\u201d, destac\u00f3 el Seremi Minvu, Marco Uribe Saldivia.<\/p>\n\n\n\n<p>El puente proyectado tendr\u00e1 una longitud de 24 metros, con obras de canalizaci\u00f3n de aguas lluvias, iluminaci\u00f3n vehicular y peatonal, aceras y cruces peatonales, demarcaci\u00f3n y se\u00f1al\u00e9tica. La obra de ingenier\u00eda ser\u00e1 el primer puente de la ciudad en incluir equipamiento urbano complementario habilitando un nuevo espacio p\u00fablico consistente en un paseo por la Costanera del R\u00edo de las Minas, con una plataforma mirador, paisajismo, iluminaci\u00f3n y mobiliario.<\/p>\n\n\n\n<p>Esta infraestructura, permitir\u00e1 integrar la trama urbana, conectando las aperturas viales construidas por el Minvu en los ex terrenos del Regimiento Pudeto y que mejoraron la accesibilidad del sector sur hacia el centro de la ciudad.<\/p>\n\n\n\n<p>El Director Regional del Serviu, Omar Gonz\u00e1lez Asenjo precis\u00f3 \u201cLos puentes que atraviesan el R\u00edo de las Minas en Avenida Eduardo Frei y calle Zenteno tienen 20 a\u00f1os y 50 a\u00f1os, respectivamente, de antig\u00fcedad, por lo tanto este nuevo puente va a poder, adem\u00e1s de conectar el Barrio Prat, generar otra conectividad y una alternativa a estas dos infraestructuras que ya existen en el R\u00edo de las Minas\u201d.<\/p>\n\n\n\n<p>Con la obtenci\u00f3n de la recomendaci\u00f3n t\u00e9cnica favorable se evaluar\u00e1 solicitar los recursos al Gobierno Regional, procurando licitar la obra el pr\u00f3ximo a\u00f1o.<\/p>\n","protected":false},"excerpt":{"rendered":"<p>Gracias a un trabajo coordinado entre el Departamento de Desarrollo Urbano de la Seremi de Vivienda y Urbanismo y el Serviu Regional, se logr\u00f3 obtener la Recomendaci\u00f3n Satisfactoria (RS) de&#8230; <a class=\"read-more\" href=\"https:\/\/www.radiopresidenteibanez.cl\/web\/conexion-rancagua-cirujano-videla-minvu-cuenta-con-recomendacion-satisfactoria-para-construir-nuevo-puente-sobre-rio-de-las-minas\/\">Leer m\u00e1s<\/a><\/p>\n","protected":false},"author":2,"featured_media":60577,"comment_status":"closed","ping_status":"closed","sticky":false,"template":"","format":"standard","meta":{"footnotes":""},"categories":[1],"tags":[],"class_list":["post-60576","post","type-post","status-publish","format-standard","has-post-thumbnail","hentry","category-cronica"],"_links":{"self":[{"href":"https:\/\/www.radiopresidenteibanez.cl\/web\/wp-json\/wp\/v2\/posts\/60576","targetHints":{"allow":["GET"]}}],"collection":[{"href":"https:\/\/www.radiopresidenteibanez.cl\/web\/wp-json\/wp\/v2\/posts"}],"about":[{"href":"https:\/\/www.radiopresidenteibanez.cl\/web\/wp-json\/wp\/v2\/types\/post"}],"author":[{"embeddable":true,"href":"https:\/\/www.radiopresidenteibanez.cl\/web\/wp-json\/wp\/v2\/users\/2"}],"replies":[{"embeddable":true,"href":"https:\/\/www.radiopresidenteibanez.cl\/web\/wp-json\/wp\/v2\/comments?post=60576"}],"version-history":[{"count":0,"href":"https:\/\/www.radiopresidenteibanez.cl\/web\/wp-json\/wp\/v2\/posts\/60576\/revisions"}],"wp:featuredmedia":[{"embeddable":true,"href":"https:\/\/www.radiopresidenteibanez.cl\/web\/wp-json\/wp\/v2\/media\/60577"}],"wp:attachment":[{"href":"https:\/\/www.radiopresidenteibanez.cl\/web\/wp-json\/wp\/v2\/media?parent=60576"}],"wp:term":[{"taxonomy":"category","embeddable":true,"href":"https:\/\/www.radiopresidenteibanez.cl\/web\/wp-json\/wp\/v2\/categories?post=60576"},{"taxonomy":"post_tag","embeddable":true,"href":"https:\/\/www.radiopresidenteibanez.cl\/web\/wp-json\/wp\/v2\/tags?post=60576"}],"curies":[{"name":"wp","href":"https:\/\/api.w.org\/{rel}","templated":true}]}}