{"id":60566,"date":"2025-12-10T10:52:00","date_gmt":"2025-12-10T13:52:00","guid":{"rendered":"https:\/\/www.radiopresidenteibanez.cl\/web\/?p=60566"},"modified":"2025-12-10T08:56:00","modified_gmt":"2025-12-10T11:56:00","slug":"avanza-recuperacion-de-homenaje-al-viento-en-magallanes","status":"publish","type":"post","link":"https:\/\/www.radiopresidenteibanez.cl\/web\/avanza-recuperacion-de-homenaje-al-viento-en-magallanes\/","title":{"rendered":"Avanza recuperaci\u00f3n de \u201cHomenaje al viento\u201d en Magallanes"},"content":{"rendered":"\n<p>Cuatro esculturas a mitad de camino, entre Puerto Natales y Punta Arenas, eran parte del<br>paisaje habitual para quienes transitaban por la Ruta 9, la m\u00e1s austral del pa\u00eds. Desde el<br>a\u00f1o 2000, estos cuatro postes de acero sosten\u00edan unas esferas que de forma sutil giraban<br>al comp\u00e1s del viento patag\u00f3nico, convirti\u00e9ndose en un atractivo tur\u00edstico en medio de la<br>pampa sure\u00f1a. Sin embargo, el paso del tiempo y las extremas condiciones clim\u00e1ticas<br>hicieron necesario llevar a cabo un minucioso trabajo de recuperaci\u00f3n, que actualmente se<br>realiza en la maestranza Vojnovic, en Punta Arenas.<br>El Seremi de Obras P\u00fablicas, Jos\u00e9 Luis Hern\u00e1ndez, dijo que \u201cHomenaje al viento\u201d es obra<br>de la artista chilena Alejandra Ruddoff, una de las m\u00e1s de 230 obras de arte que han sido<br>instaladas a lo largo del pa\u00eds a trav\u00e9s de las convocatorias realizadas por la Comisi\u00f3n<br>Nemesio Ant\u00fanez, liderada por la Direcci\u00f3n de Arquitectura, y que cumple un rol<br>fundamental en dotar a edificios y espacios p\u00fablicos de creaciones de artistas nacionales.<br>En julio del presente a\u00f1o, las cuatro esculturas fueron trasladadas a la maestranza para<br>realizar una completa restauraci\u00f3n de sus piezas. Hasta ese lugar lleg\u00f3 el equipo de la<br>Direcci\u00f3n Regional de Arquitectura de Magallanes junto a la artista, para constatar los<br>avances a la fecha. \u201cEl monumento se encuentra en un proceso de revisi\u00f3n, de diagn\u00f3stico,<br>de sus distintas partes. Se van a hacer mejoramientos que tienen que ver con el sistema de<br>engrasado de los sistemas de rotaci\u00f3n\u201d, detall\u00f3 tras su visita el director regional, Jorge<br>Cort\u00e9s. El trabajo es supervisado por la Direcci\u00f3n Regional de Arquitectura, con el apoyo de<br>la Unidad de Arte P\u00fablico del nivel central DA-MOP.<br>Respecto de la movilidad de sus esferas, la artista Alejandra Ruddoff explica que \u201ccomo es<br>un elemento e\u00f3lico, la gente tiende a pensar que esto tiene que girar y girar, y esto nunca<br>fue pensado para que girara de esta manera, porque ser\u00eda peligros\u00edsimo\u201d.<br>Por ello, parte de las adecuaciones que se est\u00e1n realizando consisten en modificar las<br>partes estructurales necesarias para se genere el movimiento esperado \u00abque le van a<br>devolver, a este homenaje al viento, la posibilidad de que est\u00e9 tranquilo, asentado en su<br>m\u00e1stil y que reaccione al viento, a la orientaci\u00f3n del viento, como una veleta, de tal forma de<br>que obviamente depende de si hay una r\u00e1faga de viento o de si hay un viento m\u00e1s fuerte o<br>con menos intensidad, va a girar de una manera m\u00e1s cadenciosa, suave, hacia donde lo<br>est\u00e1 apuntando el viento y ah\u00ed se va a detener y va a quedar mirando hacia ese lado\u201d,<br>seg\u00fan explica Ruddoff.<br>De acuerdo con los cronogramas de trabajo, se estima que los trabajos en las cuatro<br>esculturas en la maestranza finalicen durante el mes de diciembre, para luego ser<br>trasladadas hasta el kil\u00f3metro 82 de la Ruta 9, lugar de su emplazamiento original.<\/p>\n","protected":false},"excerpt":{"rendered":"<p>Cuatro esculturas a mitad de camino, entre Puerto Natales y Punta Arenas, eran parte delpaisaje habitual para quienes transitaban por la Ruta 9, la m\u00e1s austral del pa\u00eds. Desde ela\u00f1o&#8230; <a class=\"read-more\" href=\"https:\/\/www.radiopresidenteibanez.cl\/web\/avanza-recuperacion-de-homenaje-al-viento-en-magallanes\/\">Leer m\u00e1s<\/a><\/p>\n","protected":false},"author":2,"featured_media":60567,"comment_status":"closed","ping_status":"closed","sticky":false,"template":"","format":"standard","meta":{"footnotes":""},"categories":[1],"tags":[],"class_list":["post-60566","post","type-post","status-publish","format-standard","has-post-thumbnail","hentry","category-cronica"],"_links":{"self":[{"href":"https:\/\/www.radiopresidenteibanez.cl\/web\/wp-json\/wp\/v2\/posts\/60566","targetHints":{"allow":["GET"]}}],"collection":[{"href":"https:\/\/www.radiopresidenteibanez.cl\/web\/wp-json\/wp\/v2\/posts"}],"about":[{"href":"https:\/\/www.radiopresidenteibanez.cl\/web\/wp-json\/wp\/v2\/types\/post"}],"author":[{"embeddable":true,"href":"https:\/\/www.radiopresidenteibanez.cl\/web\/wp-json\/wp\/v2\/users\/2"}],"replies":[{"embeddable":true,"href":"https:\/\/www.radiopresidenteibanez.cl\/web\/wp-json\/wp\/v2\/comments?post=60566"}],"version-history":[{"count":0,"href":"https:\/\/www.radiopresidenteibanez.cl\/web\/wp-json\/wp\/v2\/posts\/60566\/revisions"}],"wp:featuredmedia":[{"embeddable":true,"href":"https:\/\/www.radiopresidenteibanez.cl\/web\/wp-json\/wp\/v2\/media\/60567"}],"wp:attachment":[{"href":"https:\/\/www.radiopresidenteibanez.cl\/web\/wp-json\/wp\/v2\/media?parent=60566"}],"wp:term":[{"taxonomy":"category","embeddable":true,"href":"https:\/\/www.radiopresidenteibanez.cl\/web\/wp-json\/wp\/v2\/categories?post=60566"},{"taxonomy":"post_tag","embeddable":true,"href":"https:\/\/www.radiopresidenteibanez.cl\/web\/wp-json\/wp\/v2\/tags?post=60566"}],"curies":[{"name":"wp","href":"https:\/\/api.w.org\/{rel}","templated":true}]}}