{"id":60563,"date":"2025-12-10T09:02:00","date_gmt":"2025-12-10T12:02:00","guid":{"rendered":"https:\/\/www.radiopresidenteibanez.cl\/web\/?p=60563"},"modified":"2025-12-10T08:49:25","modified_gmt":"2025-12-10T11:49:25","slug":"boletin-informativo-orbe-113","status":"publish","type":"post","link":"https:\/\/www.radiopresidenteibanez.cl\/web\/boletin-informativo-orbe-113\/","title":{"rendered":"Boletin Informativo ORBE"},"content":{"rendered":"\n<p>SANTIAGO.- Tenso. As\u00ed se puede definir el \u00faltimo debate<br>presidencial, organizado por Anatel, que protagonizaron la<br>noche del martes los candidatos Jeannette Jara y Jos\u00e9 Antonio<br>Kast. Esto a d\u00edas de la segunda vuelta del pr\u00f3ximo domingo.<\/p>\n\n\n\n<p>SANTIAGO.-En las m\u00e1s de dos horas de duraci\u00f3n, el debate<br>abord\u00f3 un sin n\u00famero de temas para el pa\u00eds de los pr\u00f3ximos<br>a\u00f1os. Educaci\u00f3n, pensiones, empleo, seguridad, relaciones<br>exteriores e inversi\u00f3n fueron algunos de los t\u00f3picos donde<br>ambos presidenciables pusieron todas sus cartas sobre la mesa<br>para convencer al electorado y resultar ganador a fines de<br>esta semana.<\/p>\n\n\n\n<p>SANTIAGO.-La discusi\u00f3n entre Jara y Kast, dej\u00f3 frases para<br>los anales de la historia y que podr\u00edan ser claves en el<br>desarrollo de sus gobiernos. Jeannette Jara afirm\u00f3 que<br>dejar\u00eda su militancia en el Partido Comunista de llegar a La<br>Moneda: \u00abMi representaci\u00f3n pol\u00edtica es la de la<br>centroizquierda chilena, por eso mi programa sufri\u00f3 cambios.<br>Creo que la Presidenta de Chile debe estar por sobre los<br>partidos pol\u00edticos\u00bb.<\/p>\n\n\n\n<p>SANTIAGO.-En materia de pol\u00edtica migratoria, Jara asegur\u00f3:<br>\u00abLos que no se empadronen, se expulsar\u00e1n\u00bb. Una de las frases<br>que marc\u00f3 este debate fue el \u00abtranquil\u00edzate un poquito\u00bb de<br>Jara, el que ocup\u00f3 en reiteradas ocasiones frente a Jos\u00e9<br>Antonio Kast, Esto, como parte de su estrategia ofensiva o<br>para salir al paso de momentos complicados para ella.<\/p>\n\n\n\n<p>SANTIAGO.- Venezuela tambi\u00e9n fue un tema central del debate.<br>En esta materia, Jara tild\u00f3 a Maduro de \u00abdictador\u00bb y asegur\u00f3<br>que \u00abdebe dejar el poder\u00bb. Aunque tambi\u00e9n se refiri\u00f3 a Mar\u00eda<br>Corina Machado, a quien dijo desconocer. \u00abLo \u00fanico que s\u00e9 de<br>Machado, es lo que dicen los medios. Tuvo una intentona<br>golpista\u00bb.<\/p>\n\n\n\n<p>SANTIAGO.- Jara tambi\u00e9n critic\u00f3 los dichos del ministro de<br>Vivienda, Carlos Montes, quien asegur\u00f3 que existen \u00abvarias<br>filas\u00bb para acceder a viviendas. Esto a ra\u00edz de la<br>expropiaci\u00f3n del Estado a los terrenos donde se emplaza la<br>megatoma de San Antonio. \u00abNo estoy de acuerdo, me parece un<br>error. Creo que en Chile lo peor que puede pasar es que no se<br>respete la fila (&#8230;) En mi gobierno eso no va a pasar\u00bb.<\/p>\n\n\n\n<p>SANTIAGO.-La candidata oficialista tambi\u00e9n se inclin\u00f3 por<br>apoyar un proyecto de hidr\u00f3geno verde en Antofagasta que<br>provocar\u00eda contaminaci\u00f3n lum\u00ednica cerca del Observatorio de<br>Cerro Paranal. Lo hago pensando en el empleo y tambi\u00e9n en las<br>posibilidades, disculpa, que se abren para Chile en los<br>pr\u00f3ximos a\u00f1os. Hay una gran capacidad exportadora que podemos<br>explotar y crecer\u00bb, asegur\u00f3.<\/p>\n\n\n\n<p>SANTIAGO.-En violencia escolar, principalmente con lo que<br>ocurre en el Instituto Nacional con los overoles blancos,<br>Jara asegur\u00f3 que \u00abhacer uso de todas las herramientas que la<br>ley me d\u00e9 para perseguir a los que cometen este tipo de<br>delitos\u00bb y que \u00abexigir\u00e9 resultados a las polic\u00edas\u00bb.<\/p>\n\n\n\n<p>SANTIAGO.- En tanto, En varias ocasiones en el debate, Jos\u00e9<br>Antonio Kast asegur\u00f3 que su reducci\u00f3n del gasto p\u00fablico no<br>afectar\u00e1 a beneficios sociales: \u00abNo vamos a eliminar la PGU,<br>las 40 horas, las indemnizaciones por a\u00f1os de servicio\u00bb.<\/p>\n\n\n\n<p>SANTIAGO.- En materia migratoria, el l\u00edder republicano<br>manifest\u00f3: \u00abNo vamos a empadronar, ni a regularizar a<br>ninguno. Les estamos se\u00f1alando que les quedan 92 d\u00edas.<br>Despu\u00e9s de eso, cualquier persona no tendr\u00e1 beneficios del<br>Estado\u00bb. En esa misma l\u00ednea, a ra\u00edz del \u00e9xodo de venezolanos<br>irregulares en Chile, Kast critic\u00f3 al ministro \u00c1lvaro<br>Elizalde y al Presidente Gabriel Boric, inst\u00e1ndolos a \u00ababrir<br>un corredor humanitario\u00bb.<\/p>\n\n\n\n<p>SANTIAGO.-Un traspi\u00e9 de Kast en el debate fue al decir una<br>cifra incorrecta sobre el n\u00famero de homicidios en Chile al<br>a\u00f1o. \u00abCuando hay mil 200 millones personas que mueren<br>asesinadas al a\u00f1o, cuando hay 40 mil compatriotas que mueren<br>en la lista de espera, cuando hay m\u00e1s de 1.000.000<br>desempleados, no hay m\u00e9rito\u00bb. Lo cierto es que la cifra<br>concreta es de 1.207 homicidios en todo 2024. Posteriormente,<br>Kast rectific\u00f3 su cifra.<\/p>\n","protected":false},"excerpt":{"rendered":"<p>SANTIAGO.- Tenso. As\u00ed se puede definir el \u00faltimo debatepresidencial, organizado por Anatel, que protagonizaron lanoche del martes los candidatos Jeannette Jara y Jos\u00e9 AntonioKast. Esto a d\u00edas de la segunda&#8230; <a class=\"read-more\" href=\"https:\/\/www.radiopresidenteibanez.cl\/web\/boletin-informativo-orbe-113\/\">Leer m\u00e1s<\/a><\/p>\n","protected":false},"author":2,"featured_media":60564,"comment_status":"closed","ping_status":"closed","sticky":false,"template":"","format":"standard","meta":{"footnotes":""},"categories":[1],"tags":[],"class_list":["post-60563","post","type-post","status-publish","format-standard","has-post-thumbnail","hentry","category-cronica"],"_links":{"self":[{"href":"https:\/\/www.radiopresidenteibanez.cl\/web\/wp-json\/wp\/v2\/posts\/60563","targetHints":{"allow":["GET"]}}],"collection":[{"href":"https:\/\/www.radiopresidenteibanez.cl\/web\/wp-json\/wp\/v2\/posts"}],"about":[{"href":"https:\/\/www.radiopresidenteibanez.cl\/web\/wp-json\/wp\/v2\/types\/post"}],"author":[{"embeddable":true,"href":"https:\/\/www.radiopresidenteibanez.cl\/web\/wp-json\/wp\/v2\/users\/2"}],"replies":[{"embeddable":true,"href":"https:\/\/www.radiopresidenteibanez.cl\/web\/wp-json\/wp\/v2\/comments?post=60563"}],"version-history":[{"count":0,"href":"https:\/\/www.radiopresidenteibanez.cl\/web\/wp-json\/wp\/v2\/posts\/60563\/revisions"}],"wp:featuredmedia":[{"embeddable":true,"href":"https:\/\/www.radiopresidenteibanez.cl\/web\/wp-json\/wp\/v2\/media\/60564"}],"wp:attachment":[{"href":"https:\/\/www.radiopresidenteibanez.cl\/web\/wp-json\/wp\/v2\/media?parent=60563"}],"wp:term":[{"taxonomy":"category","embeddable":true,"href":"https:\/\/www.radiopresidenteibanez.cl\/web\/wp-json\/wp\/v2\/categories?post=60563"},{"taxonomy":"post_tag","embeddable":true,"href":"https:\/\/www.radiopresidenteibanez.cl\/web\/wp-json\/wp\/v2\/tags?post=60563"}],"curies":[{"name":"wp","href":"https:\/\/api.w.org\/{rel}","templated":true}]}}