{"id":60560,"date":"2025-12-10T09:39:00","date_gmt":"2025-12-10T12:39:00","guid":{"rendered":"https:\/\/www.radiopresidenteibanez.cl\/web\/?p=60560"},"modified":"2025-12-10T08:41:08","modified_gmt":"2025-12-10T11:41:08","slug":"autoridades-refuerzan-coordinacion-para-garantizar-un-proceso-seguro-en-la-segunda-vuelta-electoral","status":"publish","type":"post","link":"https:\/\/www.radiopresidenteibanez.cl\/web\/autoridades-refuerzan-coordinacion-para-garantizar-un-proceso-seguro-en-la-segunda-vuelta-electoral\/","title":{"rendered":"Autoridades refuerzan coordinaci\u00f3n para garantizar un proceso seguro en la segunda vuelta electoral"},"content":{"rendered":"\n<p>Autoridades regionales, entidades p\u00fablicas, Fuerzas Armadas y servicios involucrados participaron este martes en una reuni\u00f3n de coordinaci\u00f3n en la Delegaci\u00f3n Presidencial Regional de Magallanes y de la Ant\u00e1rtica Chilena, con el objetivo de afinar el despliegue operativo y log\u00edstico para asegurar un proceso electoral seguro, ordenado y participativo el pr\u00f3ximo 14 de diciembre.<\/p>\n\n\n\n<p>El encuentro fue encabezado por el Delegado Presidencial Regional, Jos\u00e9 Ruiz Pivcevic, junto al Seremi de Gobierno, Andro Mimica, la Directora Regional del Servicio Electoral (Servel), Mar\u00eda Teresa Kuzmanic, General de Carabineros, Marco Alvarado, Seremi de Justicia, Michelle Peutat, Seremi del Trabajo, Jessica Bengoa, jefe del Departamento de Asuntos Civiles del Comando Conjunto Austral, Guillermo Hess, representantes de diversos servicios p\u00fablicos con responsabilidades en el desarrollo de la jornada.<\/p>\n\n\n\n<p>El Delegado Presidencial Regional, Jos\u00e9 Ruiz Pivcevic, destac\u00f3 que esta instancia es parte del trabajo habitual previo a cada elecci\u00f3n, en el que se revisan medidas de seguridad, log\u00edstica y resguardo del proceso democr\u00e1tico. \u201cTuvimos una reuni\u00f3n de coordinaci\u00f3n con las instituciones que tienen incumbencia para garantizar un proceso ordenado, democr\u00e1tico y participativo. En nuestra regi\u00f3n de Magallanes y Ant\u00e1rtica chilena, el llamado es siempre a la comunidad a hacerse parte del proceso. M\u00e1s all\u00e1 de que el voto sea obligatorio, cada voto cuenta y fortalece la democracia\u201d, afirm\u00f3.<\/p>\n\n\n\n<p>La autoridad detall\u00f3 que las Fuerzas Armadas tomar\u00e1n control de los recintos electorales este viernes por la ma\u00f1ana, replicando el despliegue de la primera vuelta: cerca de 480 efectivos en los locales, adem\u00e1s de 400 funcionarios adicionales en apoyo log\u00edstico, junto al operativo de Carabineros. Tambi\u00e9n confirm\u00f3 el traslado anticipado del material electoral: \u201cNuestro pa\u00eds es el \u00fanico en el mundo en el que se vota en la Ant\u00e1rtica. Los votos ya est\u00e1n en el lugar y esta semana se distribuyen a Puerto Harris y Puerto Ed\u00e9n\u201d.<\/p>\n\n\n\n<p>Sobre la situaci\u00f3n de Puerto Toro, donde en la primera vuelta no se pudo trasladar a los votantes por condiciones meteorol\u00f3gicas, el delegado inform\u00f3 que se solicit\u00f3 a Senapred un monitoreo detallado del clima para el fin de semana. \u201cSi es necesario adoptar medidas adicionales, se evaluar\u00e1n oportunamente\u201d, indic\u00f3. Tambi\u00e9n record\u00f3 que los locales y mesas de votaci\u00f3n se mantienen sin cambios para esta segunda vuelta, al igual que los criterios para que c\u00e9dulas vencidas hasta por un a\u00f1o sean v\u00e1lidas para votar.<\/p>\n\n\n\n<p>Respecto a CONAF y las medidas tras la tragedia ocurrida en la primera vuelta, Pivcevic se\u00f1al\u00f3 que el organismo emiti\u00f3 un comunicado formal con disposiciones para garantizar turnos y continuidad de los guardaparques. \u201cEl Parque Nacional Torres del Paine seguir\u00e1 abierto y habr\u00e1 personal presente. Las listas de guardaparques en monta\u00f1a est\u00e1n siendo informadas al Servel y los juzgados para validar sus excusas\u201d, a\u00f1adi\u00f3.<\/p>\n\n\n\n<p>La Directora Regional del Servel, Mar\u00eda Teresa Kuzmanic Pinto, inform\u00f3 que todas las cajas electorales ya est\u00e1n preparadas y en proceso de despacho seg\u00fan las distintas localidades. \u201cLas cajas dirigidas a la Ant\u00e1rtica ya fueron recibidas por el delegado de la Junta Electoral, por lo que estamos tranquilos respecto a la log\u00edstica\u201d, asegur\u00f3.<\/p>\n\n\n\n<p>Recalc\u00f3 que los locales de votaci\u00f3n, vocales y delegados se mantienen sin modificaciones, y que quienes fueron designados durante la primera vuelta deben cumplir nuevamente sus funciones.<br>Adem\u00e1s, hizo un llamado a retirar las c\u00e9dulas de identidad olvidadas en el proceso anterior: \u201cHay algunas c\u00e9dulas de identidad que todav\u00eda est\u00e1n en nuestras oficinas. Sin la c\u00e9dula de identidad no pueden votar y no es excusa ante el juez de polic\u00eda local no haber votado por no tener las c\u00e9dulas\u201d. Confirm\u00f3 tambi\u00e9n que la Universidad de Magallanes seguir\u00e1 siendo local de votaci\u00f3n, conforme lo establece la ley, esperando que la actual toma sea depuesta para permitir el normal desarrollo del proceso.<\/p>\n\n\n\n<p>El Mayor Guillermo Hess Malebr\u00e1n, jefe del Departamento de Asuntos Civiles del Comando Conjunto Austral, detall\u00f3 el plan de resguardo para la jornada electoral. \u201cLas Fuerzas Armadas cubrir\u00e1n los 51 locales de votaci\u00f3n habilitados, con un despliegue similar al del 16 de noviembre. Ser\u00e1n alrededor de 500 efectivos de las Fuerzas Armadas que van a estar en seguridad directa de los locales de votaci\u00f3n para permitir que se desarrolle el proceso eleccionario de la forma m\u00e1s tranquila y normal posible\u201d, se\u00f1al\u00f3.<\/p>\n\n\n\n<p>El oficial realiz\u00f3 un llamado a la comunidad: \u201cLos locales funcionar\u00e1n con total normalidad. Invitamos a la ciudadan\u00eda a ejercer su derecho c\u00edvico con tranquilidad\u201d.<\/p>\n\n\n\n<p>El Seremi de Gobierno, Andro Mimica Guerrero, enfatiz\u00f3 el rol del Estado en asegurar la continuidad institucional del pa\u00eds: \u201cdesde el retorno a la democracia. Un sistema que funciona, un sistema que da claridad y que a las pocas horas sabemos de los ganadores y de quienes finalmente van a gobernar los destinos del pa\u00eds. Invitamos a todas y todos a participar y seguir construyendo el Chile que queremos\u201d.<\/p>\n\n\n\n<p>Asimismo, record\u00f3 las principales normas de excusas y sanciones:<\/p>\n\n\n\n<ul class=\"wp-block-list\">\n<li>El voto es obligatorio: quienes no concurran arriesgan multas entre 0,5 y 1,5 UTM.<\/li>\n\n\n\n<li>Los vocales de mesa est\u00e1n obligados y quienes no cumplan pueden ser multados con sumas superiores a $500.000.<\/li>\n\n\n\n<li>Extranjeros con derecho a voto: est\u00e1n exentos de multa si no concurren, tal como lo estableci\u00f3 el Parlamento.<\/li>\n\n\n\n<li>Personas con discapacidad pueden excusarse.<\/li>\n\n\n\n<li>Quienes est\u00e9n a m\u00e1s de 200 km del local deben ingresar la excusa por Comisar\u00eda Virtual y luego ratificarla en un ret\u00e9n.<\/li>\n<\/ul>\n\n\n\n<p>Las autoridades reiteraron el llamado a informarse por canales oficiales, revisar el local de votaci\u00f3n y participar activamente este 14 de diciembre.<br><br><\/p>\n","protected":false},"excerpt":{"rendered":"<p>Autoridades regionales, entidades p\u00fablicas, Fuerzas Armadas y servicios involucrados participaron este martes en una reuni\u00f3n de coordinaci\u00f3n en la Delegaci\u00f3n Presidencial Regional de Magallanes y de la Ant\u00e1rtica Chilena, con&#8230; <a class=\"read-more\" href=\"https:\/\/www.radiopresidenteibanez.cl\/web\/autoridades-refuerzan-coordinacion-para-garantizar-un-proceso-seguro-en-la-segunda-vuelta-electoral\/\">Leer m\u00e1s<\/a><\/p>\n","protected":false},"author":2,"featured_media":60561,"comment_status":"closed","ping_status":"closed","sticky":false,"template":"","format":"standard","meta":{"footnotes":""},"categories":[1],"tags":[],"class_list":["post-60560","post","type-post","status-publish","format-standard","has-post-thumbnail","hentry","category-cronica"],"_links":{"self":[{"href":"https:\/\/www.radiopresidenteibanez.cl\/web\/wp-json\/wp\/v2\/posts\/60560","targetHints":{"allow":["GET"]}}],"collection":[{"href":"https:\/\/www.radiopresidenteibanez.cl\/web\/wp-json\/wp\/v2\/posts"}],"about":[{"href":"https:\/\/www.radiopresidenteibanez.cl\/web\/wp-json\/wp\/v2\/types\/post"}],"author":[{"embeddable":true,"href":"https:\/\/www.radiopresidenteibanez.cl\/web\/wp-json\/wp\/v2\/users\/2"}],"replies":[{"embeddable":true,"href":"https:\/\/www.radiopresidenteibanez.cl\/web\/wp-json\/wp\/v2\/comments?post=60560"}],"version-history":[{"count":0,"href":"https:\/\/www.radiopresidenteibanez.cl\/web\/wp-json\/wp\/v2\/posts\/60560\/revisions"}],"wp:featuredmedia":[{"embeddable":true,"href":"https:\/\/www.radiopresidenteibanez.cl\/web\/wp-json\/wp\/v2\/media\/60561"}],"wp:attachment":[{"href":"https:\/\/www.radiopresidenteibanez.cl\/web\/wp-json\/wp\/v2\/media?parent=60560"}],"wp:term":[{"taxonomy":"category","embeddable":true,"href":"https:\/\/www.radiopresidenteibanez.cl\/web\/wp-json\/wp\/v2\/categories?post=60560"},{"taxonomy":"post_tag","embeddable":true,"href":"https:\/\/www.radiopresidenteibanez.cl\/web\/wp-json\/wp\/v2\/tags?post=60560"}],"curies":[{"name":"wp","href":"https:\/\/api.w.org\/{rel}","templated":true}]}}