{"id":60556,"date":"2025-12-10T08:32:05","date_gmt":"2025-12-10T11:32:05","guid":{"rendered":"https:\/\/www.radiopresidenteibanez.cl\/web\/?p=60556"},"modified":"2025-12-10T08:32:32","modified_gmt":"2025-12-10T11:32:32","slug":"tres-nuevas-salas-multisensoriales-se-instalaran-en-establecimientos-publicos-tras-convenio-entre-slep-magallanes-y-senadis","status":"publish","type":"post","link":"https:\/\/www.radiopresidenteibanez.cl\/web\/tres-nuevas-salas-multisensoriales-se-instalaran-en-establecimientos-publicos-tras-convenio-entre-slep-magallanes-y-senadis\/","title":{"rendered":"Tres nuevas salas multisensoriales se instalar\u00e1n en establecimientos p\u00fablicos tras convenio entre SLEP Magallanes y SENADIS"},"content":{"rendered":"\n<p>En las oficinas del Servicio Local de Educaci\u00f3n P\u00fablica Magallanes, el SLEP y el Servicio Nacional de la Discapacidad firmaron un convenio de colaboraci\u00f3n por un total de $18.828.937 tras la adjudicaci\u00f3n al SLEP Magallanes del proyecto \u00abPuente Inclusivo\u00bb, cuyo prop\u00f3sito es fortalecer la inclusi\u00f3n mediante la implementaci\u00f3n de nuevas salas multisensoriales y capacitaci\u00f3n docente.<\/p>\n\n\n\n<p>El proyecto nace del requerimiento actual de facilitar el tr\u00e1nsito de los escolares desde el Programa de Integraci\u00f3n Escolar (PIE) a la educaci\u00f3n regular en su curso de origen. Y es que la educaci\u00f3n p\u00fablica de Magallanes cuenta con 3.089 estudiantes con necesidad educativa permanente, de los cuales m\u00e1s de quinientos son alumnos y alumnas diagnosticados con autismo.<\/p>\n\n\n\n<p>Jimena Crisostomo, profesional de Apoyo T\u00e9cnico Pedag\u00f3gico e Inclusi\u00f3n del SLEP Magallanes, declar\u00f3 que \u201cpara nosotros como Servicio Local, estas instancias son tremendamente importantes, porque son peque\u00f1as pr\u00e1cticas pedag\u00f3gicas que nacen a partir de esta mirada y la necesidad que tiene la regi\u00f3n para poder incorporar e integrar de manera adecuada a los estudiantes autistas en nuestro centro educativo\u201d.<\/p>\n\n\n\n<p>En la actualidad, tres establecimientos de la regi\u00f3n est\u00e1n trabajando con salas multisensoriales implementadas gracias al convenio, y ahora se sumar\u00e1n otras tres comunidades educativas: la Escuela Arturo Prat y la Escuela Portugal en Punta Arenas, y la Escuela Libertador Bernardo O\u2019Higgins de Porvenir.<\/p>\n\n\n\n<p>Bernarda Cares, Directora Regional del Servicio Nacional de la Discapacidad, dijo que, \u201ceste proyecto tiene tres grandes componentes. Tiene un componente de capacitaci\u00f3n, que la verdad es que est\u00e1 orientado, digamos, a profesores, a docentes y a la comunidad educativa del SLEP; a tres salas multisensoriales que se van a instalar en la regi\u00f3n, dos en Punta Arenas, una en Porvenir; y a un seminario. En definitiva, tambi\u00e9n es una oportunidad de capacitaci\u00f3n, pero que tiende a ser m\u00e1s transversal\u201d.<\/p>\n\n\n\n<p>El financiamiento permitir\u00e1 ampliar el trabajo con el \u201cpuente de la inclusi\u00f3n\u201d, que ha dado buenos resultados en los lugares en los que se ha implementado y que se espera se pueda continuar replicando en m\u00e1s establecimientos a lo largo y ancho de Magallanes.<\/p>\n","protected":false},"excerpt":{"rendered":"<p>En las oficinas del Servicio Local de Educaci\u00f3n P\u00fablica Magallanes, el SLEP y el Servicio Nacional de la Discapacidad firmaron un convenio de colaboraci\u00f3n por un total de $18.828.937 tras&#8230; <a class=\"read-more\" href=\"https:\/\/www.radiopresidenteibanez.cl\/web\/tres-nuevas-salas-multisensoriales-se-instalaran-en-establecimientos-publicos-tras-convenio-entre-slep-magallanes-y-senadis\/\">Leer m\u00e1s<\/a><\/p>\n","protected":false},"author":2,"featured_media":60557,"comment_status":"closed","ping_status":"closed","sticky":false,"template":"","format":"standard","meta":{"footnotes":""},"categories":[1],"tags":[],"class_list":["post-60556","post","type-post","status-publish","format-standard","has-post-thumbnail","hentry","category-cronica"],"_links":{"self":[{"href":"https:\/\/www.radiopresidenteibanez.cl\/web\/wp-json\/wp\/v2\/posts\/60556","targetHints":{"allow":["GET"]}}],"collection":[{"href":"https:\/\/www.radiopresidenteibanez.cl\/web\/wp-json\/wp\/v2\/posts"}],"about":[{"href":"https:\/\/www.radiopresidenteibanez.cl\/web\/wp-json\/wp\/v2\/types\/post"}],"author":[{"embeddable":true,"href":"https:\/\/www.radiopresidenteibanez.cl\/web\/wp-json\/wp\/v2\/users\/2"}],"replies":[{"embeddable":true,"href":"https:\/\/www.radiopresidenteibanez.cl\/web\/wp-json\/wp\/v2\/comments?post=60556"}],"version-history":[{"count":0,"href":"https:\/\/www.radiopresidenteibanez.cl\/web\/wp-json\/wp\/v2\/posts\/60556\/revisions"}],"wp:featuredmedia":[{"embeddable":true,"href":"https:\/\/www.radiopresidenteibanez.cl\/web\/wp-json\/wp\/v2\/media\/60557"}],"wp:attachment":[{"href":"https:\/\/www.radiopresidenteibanez.cl\/web\/wp-json\/wp\/v2\/media?parent=60556"}],"wp:term":[{"taxonomy":"category","embeddable":true,"href":"https:\/\/www.radiopresidenteibanez.cl\/web\/wp-json\/wp\/v2\/categories?post=60556"},{"taxonomy":"post_tag","embeddable":true,"href":"https:\/\/www.radiopresidenteibanez.cl\/web\/wp-json\/wp\/v2\/tags?post=60556"}],"curies":[{"name":"wp","href":"https:\/\/api.w.org\/{rel}","templated":true}]}}