{"id":60553,"date":"2025-12-09T17:34:00","date_gmt":"2025-12-09T20:34:00","guid":{"rendered":"https:\/\/www.radiopresidenteibanez.cl\/web\/?p=60553"},"modified":"2025-12-09T11:40:46","modified_gmt":"2025-12-09T14:40:46","slug":"taller-de-lana-rescata-oficios-tradicionales-y-abre-nuevas-oportunidades-en-puerto-natales","status":"publish","type":"post","link":"https:\/\/www.radiopresidenteibanez.cl\/web\/taller-de-lana-rescata-oficios-tradicionales-y-abre-nuevas-oportunidades-en-puerto-natales\/","title":{"rendered":"Taller de lana rescata oficios tradicionales y abre nuevas oportunidades en Puerto Natales"},"content":{"rendered":"\n<p>Durante las ma\u00f1anas de los d\u00edas 6, 7, 13 y 14 de diciembre se realiz\u00f3 en Puerto Natales un taller pr\u00e1ctico de trabajo en lana dirigido a usuarias y usuarios del programa Prodesal, instancia que surgi\u00f3 a partir de los propios intereses y demandas planteadas por ellos en materia de capacitaci\u00f3n.<\/p>\n\n\n\n<p>La actividad, incluida en el Plan de Trabajo Anual del programa, tuvo por objetivo rescatar saberes tradicionales vinculados al uso de la lana y, al mismo tiempo, abrir alternativas de diversificaci\u00f3n de ingresos para las familias rurales.<\/p>\n\n\n\n<p>A cargo de la artesana Jessica Vallejos, el taller consider\u00f3 un recorrido completo por las distintas etapas del trabajo artesanal de la lana: desde el lavado y secado, pasando por el hilado y el proceso de te\u00f1ido, hasta la elaboraci\u00f3n de una pieza final utilizando telar de clavo.<\/p>\n\n\n\n<p>Las y los participantes se involucraron activamente en cada jornada. Algunos compartieron recuerdos de infancia, cuando ve\u00edan a sus madres hilar o les ped\u00edan ayuda para armar los ovillos; otros llegaron motivados por las ganas de aprender algo nuevo y explorar opciones productivas. Mientras a algunas personas se les hizo m\u00e1s f\u00e1cil manipular el huso, a otras les entusiasm\u00f3 especialmente el proceso de te\u00f1ido y la combinaci\u00f3n de colores.<\/p>\n\n\n\n<p>\u201cCada a\u00f1o se escucha y se conversa con los usuarios del programa Prodesal para conocer sus intereses en capacitaci\u00f3n u otras necesidades. La lana era un tema recurrente, por lo cual, dentro de las actividades que se planificaron en el Plan de Trabajo Anual del programa, se incorpor\u00f3 este taller. Lo importante de este tipo de iniciativas es el rescate de la cultura, algo que esperamos seguir apoyando en el tiempo\u201d, explic\u00f3 Clarina Helmer, jefa de \u00c1rea de Puerto Natales.<\/p>\n\n\n\n<p>El taller fue financiado con el aporte municipal al programa Prodesal, reforzando el trabajo conjunto entre el municipio y el equipo t\u00e9cnico para fortalecer las capacidades de las familias rurales y mantener vigentes los oficios que forman parte de la identidad local.<\/p>\n","protected":false},"excerpt":{"rendered":"<p>Durante las ma\u00f1anas de los d\u00edas 6, 7, 13 y 14 de diciembre se realiz\u00f3 en Puerto Natales un taller pr\u00e1ctico de trabajo en lana dirigido a usuarias y usuarios&#8230; <a class=\"read-more\" href=\"https:\/\/www.radiopresidenteibanez.cl\/web\/taller-de-lana-rescata-oficios-tradicionales-y-abre-nuevas-oportunidades-en-puerto-natales\/\">Leer m\u00e1s<\/a><\/p>\n","protected":false},"author":2,"featured_media":60554,"comment_status":"closed","ping_status":"closed","sticky":false,"template":"","format":"standard","meta":{"footnotes":""},"categories":[1],"tags":[],"class_list":["post-60553","post","type-post","status-publish","format-standard","has-post-thumbnail","hentry","category-cronica"],"_links":{"self":[{"href":"https:\/\/www.radiopresidenteibanez.cl\/web\/wp-json\/wp\/v2\/posts\/60553","targetHints":{"allow":["GET"]}}],"collection":[{"href":"https:\/\/www.radiopresidenteibanez.cl\/web\/wp-json\/wp\/v2\/posts"}],"about":[{"href":"https:\/\/www.radiopresidenteibanez.cl\/web\/wp-json\/wp\/v2\/types\/post"}],"author":[{"embeddable":true,"href":"https:\/\/www.radiopresidenteibanez.cl\/web\/wp-json\/wp\/v2\/users\/2"}],"replies":[{"embeddable":true,"href":"https:\/\/www.radiopresidenteibanez.cl\/web\/wp-json\/wp\/v2\/comments?post=60553"}],"version-history":[{"count":0,"href":"https:\/\/www.radiopresidenteibanez.cl\/web\/wp-json\/wp\/v2\/posts\/60553\/revisions"}],"wp:featuredmedia":[{"embeddable":true,"href":"https:\/\/www.radiopresidenteibanez.cl\/web\/wp-json\/wp\/v2\/media\/60554"}],"wp:attachment":[{"href":"https:\/\/www.radiopresidenteibanez.cl\/web\/wp-json\/wp\/v2\/media?parent=60553"}],"wp:term":[{"taxonomy":"category","embeddable":true,"href":"https:\/\/www.radiopresidenteibanez.cl\/web\/wp-json\/wp\/v2\/categories?post=60553"},{"taxonomy":"post_tag","embeddable":true,"href":"https:\/\/www.radiopresidenteibanez.cl\/web\/wp-json\/wp\/v2\/tags?post=60553"}],"curies":[{"name":"wp","href":"https:\/\/api.w.org\/{rel}","templated":true}]}}