{"id":60550,"date":"2025-12-09T16:53:00","date_gmt":"2025-12-09T19:53:00","guid":{"rendered":"https:\/\/www.radiopresidenteibanez.cl\/web\/?p=60550"},"modified":"2025-12-09T11:33:20","modified_gmt":"2025-12-09T14:33:20","slug":"pulso-sindical-18","status":"publish","type":"post","link":"https:\/\/www.radiopresidenteibanez.cl\/web\/pulso-sindical-18\/","title":{"rendered":"Pulso Sindical"},"content":{"rendered":"\n<p>\u00a0\u00ab..ir a Matucana y pasear por la quinta y al Santa Lucia contigo mi bien..\u00bb ******** Por si nadie lo ha notado, es bueno reiterar que ya tenemos un parlamento con mayor\u00eda de derecha y centro (aquellos que dicen no ser fachos ni comunachos) por lo que nuestro futuro ser\u00e1 a\u00fan mas negro, de llegar Kast a la presidencia. Claro, porque podr\u00e1 instalar diferentes propuestas violatorias de derechos humanos b\u00e1sicos (trabajo, pensiones, vivienda, educaci\u00f3n, libertad de expresi\u00f3n, migraciones, etc), ya sea apurando proyectos de ley de origen parlamentario o bien presentandolos para su discusi\u00f3n y aprobaci\u00f3n. De resultar electa Jara no la tendr\u00e1 f\u00e1cil, por el mismo factor parlamentario que ya hemos expuesto, aunque en este caso ser\u00e1 el efecto contrario, pues sus fuerzas parlamentarias est\u00e1n mermadas como para proponer muchas modificaciones. Dejemos claro que quienes apoyan a Jara nunca se la han jugado por reformas de verdad. Por lo mismo, si quienes plantean cambios profundos no entienden que hay que organizar desde abajo para elegir parlamentarios que apunten al cambio de la sociedad, todo se mantendr\u00e1 como hasta ahora con el riesgo cierto que la poblaci\u00f3n siga votando a la derecha o al centro, que por la via de la disinformacion o la informacion sesgada, captura el voto de sectores populares. ******** Nuestra fuerza la Unidad Nuestra meta la Victoria<\/p>\n","protected":false},"excerpt":{"rendered":"<p>\u00a0\u00ab..ir a Matucana y pasear por la quinta y al Santa Lucia contigo mi bien..\u00bb ******** Por si nadie lo ha notado, es bueno reiterar que ya tenemos un parlamento&#8230; <a class=\"read-more\" href=\"https:\/\/www.radiopresidenteibanez.cl\/web\/pulso-sindical-18\/\">Leer m\u00e1s<\/a><\/p>\n","protected":false},"author":2,"featured_media":60551,"comment_status":"closed","ping_status":"closed","sticky":false,"template":"","format":"standard","meta":{"footnotes":""},"categories":[1],"tags":[],"class_list":["post-60550","post","type-post","status-publish","format-standard","has-post-thumbnail","hentry","category-cronica"],"_links":{"self":[{"href":"https:\/\/www.radiopresidenteibanez.cl\/web\/wp-json\/wp\/v2\/posts\/60550","targetHints":{"allow":["GET"]}}],"collection":[{"href":"https:\/\/www.radiopresidenteibanez.cl\/web\/wp-json\/wp\/v2\/posts"}],"about":[{"href":"https:\/\/www.radiopresidenteibanez.cl\/web\/wp-json\/wp\/v2\/types\/post"}],"author":[{"embeddable":true,"href":"https:\/\/www.radiopresidenteibanez.cl\/web\/wp-json\/wp\/v2\/users\/2"}],"replies":[{"embeddable":true,"href":"https:\/\/www.radiopresidenteibanez.cl\/web\/wp-json\/wp\/v2\/comments?post=60550"}],"version-history":[{"count":0,"href":"https:\/\/www.radiopresidenteibanez.cl\/web\/wp-json\/wp\/v2\/posts\/60550\/revisions"}],"wp:featuredmedia":[{"embeddable":true,"href":"https:\/\/www.radiopresidenteibanez.cl\/web\/wp-json\/wp\/v2\/media\/60551"}],"wp:attachment":[{"href":"https:\/\/www.radiopresidenteibanez.cl\/web\/wp-json\/wp\/v2\/media?parent=60550"}],"wp:term":[{"taxonomy":"category","embeddable":true,"href":"https:\/\/www.radiopresidenteibanez.cl\/web\/wp-json\/wp\/v2\/categories?post=60550"},{"taxonomy":"post_tag","embeddable":true,"href":"https:\/\/www.radiopresidenteibanez.cl\/web\/wp-json\/wp\/v2\/tags?post=60550"}],"curies":[{"name":"wp","href":"https:\/\/api.w.org\/{rel}","templated":true}]}}