{"id":6055,"date":"2019-07-30T20:18:11","date_gmt":"2019-07-30T20:18:11","guid":{"rendered":"http:\/\/www.radiopresidenteibanez.cl\/web\/?p=6055"},"modified":"2019-07-30T20:18:32","modified_gmt":"2019-07-30T20:18:32","slug":"mas-de-250-ninos-natalinos-participaron-diariamente-en-los-talleres-de-invierno-de-la-piscina-municipal","status":"publish","type":"post","link":"https:\/\/www.radiopresidenteibanez.cl\/web\/mas-de-250-ninos-natalinos-participaron-diariamente-en-los-talleres-de-invierno-de-la-piscina-municipal\/","title":{"rendered":"M\u00c1S DE 250 NI\u00d1OS NATALINOS PARTICIPARON DIARIAMENTE EN LOS TALLERES DE INVIERNO DE LA PISCINA MUNICIPAL"},"content":{"rendered":"\n<p>Tras dos semanas de aprendizaje,\nlas autoridades locales dieron cierre al primer taller de nataci\u00f3n municipal de\nNatales. El alcalde junto al Concejo Municipal, llegaron hasta el complejo\npolideportivo de la comuna para comprobar el buen funcionamiento de la piscina\ny el progreso de los ni\u00f1os durante el desarrollo del taller.<\/p>\n\n\n\n<p>Al finalizar la ceremonia\ndeportiva, los j\u00f3venes natalinos recibieron un saludo y reconocimiento del\nalcalde de la comuna, el cual los inst\u00f3 a seguir usando y cuidando la nueva\npiscina temperada semiol\u00edmpica municipal, entregando un diploma de\ncertificaci\u00f3n de participaci\u00f3n y buen desempe\u00f1o en el taller. <\/p>\n\n\n\n<p>\u201cLas puertas de esta piscina\nest\u00e1n abiertas, y como alcalde representando al Concejo Municipal estamos muy\ncontentos.&nbsp; El haber partido con m\u00e1s de doscientos\nni\u00f1os que participaron estas semanas de vacaciones de invierno es un orgullo\u201d,\nindic\u00f3 el alcalde de la comuna, quien agreg\u00f3: \u201cTambi\u00e9n un agradecimiento a los\nni\u00f1os y por cierto un agradecimiento a los pap\u00e1s y las mam\u00e1s que creen en la\ninfraestructura municipal que hoy d\u00eda estamos colocando al servicio de nuestros\nni\u00f1os, y a contar del d\u00eda lunes al servicio de toda nuestra comunidad\u201d. <\/p>\n\n\n\n<p>Asimismo, la profesora encargada\nde desarrollar los talleres, Katherine Monteverde, enfatiz\u00f3 que esta\nexperiencia para los ni\u00f1os ha sido muy buena y les ha permitido avanzar\nnotoriamente en el aprendizaje de esta disciplina. \u201cEn estas dos semanas ya los\nni\u00f1os conocen sus normas y las cumplen, que es lo m\u00e1s importante. Disfrutan el\nmomento en el agua y esa es la tarea de nosotros, que los ni\u00f1os la pasen bien,\nque los ni\u00f1os disfruten y que los ni\u00f1os est\u00e9n bien\u201d.<\/p>\n\n\n\n<p>En tanto, el param\u00e9dico encargado\nde resguardar la seguridad de los ni\u00f1os frente a una emergencia, Jonathan\nAlmonacid, destac\u00f3 la coordinaci\u00f3n de los monitores con los salvavidas para\nevitar accidentes. \u201cLos chicos se han portado muy bien, los apoderados tambi\u00e9n\nbajo las normas que hemos puesto, as\u00ed que no hemos tenido mayores anormalidades\ndentro de todo\u201d, afirm\u00f3. <\/p>\n\n\n\n<p>Los ni\u00f1os participantes se\nmostraron felices de haber vivido esta experiencia por primera vez en sus vidas\ny agradecieron la preocupaci\u00f3n de los profesores por ense\u00f1arles a perder el\nmiedo al agua, se\u00f1alando que desean seguir desarroll\u00e1ndose en esta disciplina.<\/p>\n\n\n\n<p>Adem\u00e1s de los ni\u00f1os, todas las\npersonas residentes en Natales podr\u00e1n usar la piscina de forma libre desde las\n17 horas hasta las 22 horas pagando dos mil pesos la hora, o participando de\nlos programas y talleres en convenio con el Instituto Nacional del Deporte,\nenfocados en ni\u00f1os, j\u00f3venes, adultos mayores, pueblos originarios, entre otros.\n<\/p>\n","protected":false},"excerpt":{"rendered":"<p>Tras dos semanas de aprendizaje, las autoridades locales dieron cierre al primer taller de nataci\u00f3n municipal de Natales. El alcalde junto al Concejo Municipal, llegaron hasta el complejo polideportivo de&#8230; <a class=\"read-more\" href=\"https:\/\/www.radiopresidenteibanez.cl\/web\/mas-de-250-ninos-natalinos-participaron-diariamente-en-los-talleres-de-invierno-de-la-piscina-municipal\/\">Leer m\u00e1s<\/a><\/p>\n","protected":false},"author":2,"featured_media":6056,"comment_status":"closed","ping_status":"closed","sticky":false,"template":"","format":"standard","meta":{"footnotes":""},"categories":[1],"tags":[],"class_list":["post-6055","post","type-post","status-publish","format-standard","has-post-thumbnail","hentry","category-cronica"],"_links":{"self":[{"href":"https:\/\/www.radiopresidenteibanez.cl\/web\/wp-json\/wp\/v2\/posts\/6055","targetHints":{"allow":["GET"]}}],"collection":[{"href":"https:\/\/www.radiopresidenteibanez.cl\/web\/wp-json\/wp\/v2\/posts"}],"about":[{"href":"https:\/\/www.radiopresidenteibanez.cl\/web\/wp-json\/wp\/v2\/types\/post"}],"author":[{"embeddable":true,"href":"https:\/\/www.radiopresidenteibanez.cl\/web\/wp-json\/wp\/v2\/users\/2"}],"replies":[{"embeddable":true,"href":"https:\/\/www.radiopresidenteibanez.cl\/web\/wp-json\/wp\/v2\/comments?post=6055"}],"version-history":[{"count":0,"href":"https:\/\/www.radiopresidenteibanez.cl\/web\/wp-json\/wp\/v2\/posts\/6055\/revisions"}],"wp:featuredmedia":[{"embeddable":true,"href":"https:\/\/www.radiopresidenteibanez.cl\/web\/wp-json\/wp\/v2\/media\/6056"}],"wp:attachment":[{"href":"https:\/\/www.radiopresidenteibanez.cl\/web\/wp-json\/wp\/v2\/media?parent=6055"}],"wp:term":[{"taxonomy":"category","embeddable":true,"href":"https:\/\/www.radiopresidenteibanez.cl\/web\/wp-json\/wp\/v2\/categories?post=6055"},{"taxonomy":"post_tag","embeddable":true,"href":"https:\/\/www.radiopresidenteibanez.cl\/web\/wp-json\/wp\/v2\/tags?post=6055"}],"curies":[{"name":"wp","href":"https:\/\/api.w.org\/{rel}","templated":true}]}}