{"id":60541,"date":"2025-12-09T12:49:00","date_gmt":"2025-12-09T15:49:00","guid":{"rendered":"https:\/\/www.radiopresidenteibanez.cl\/web\/?p=60541"},"modified":"2025-12-09T10:45:57","modified_gmt":"2025-12-09T13:45:57","slug":"sag-magallanes-refuerza-vigilancia-forestal-con-la-instalacion-de-trampas-de-monitoreo","status":"publish","type":"post","link":"https:\/\/www.radiopresidenteibanez.cl\/web\/sag-magallanes-refuerza-vigilancia-forestal-con-la-instalacion-de-trampas-de-monitoreo\/","title":{"rendered":"SAG Magallanes refuerza vigilancia forestal con la instalaci\u00f3n de trampas de monitoreo"},"content":{"rendered":"\n<p>Durante la primavera, el Servicio Agr\u00edcola y Ganadero de Magallanes intensifica su labor de vigilancia forestal mediante la instalaci\u00f3n de una red estrat\u00e9gica de m\u00e1s de 70 trampas distribuidas en distintos puntos de la ciudad de Punta Arenas y alrededores. Este sistema permite detectar de manera temprana el ingreso y establecimiento de insectos que puedan afectar el bosque nativo.<\/p>\n\n\n\n<p>Desde la oficina provincial Magallanes explicaron que la red contempla distintos tipos de trampas, cada una con un prop\u00f3sito espec\u00edfico. Las trampas funnel o de embudo se utilizan para detectar insectos que atacan la madera y los \u00e1rboles de pino. Las trampas de tablero est\u00e1n dise\u00f1adas para captar insectos cromotr\u00f3picos, es decir, especies que son atra\u00eddas por ciertos colores; y las trampas fototr\u00f3picas permiten capturar insectos atra\u00eddos por la luz. Finalmente, a contar de presente mes de diciembre, se incorporar\u00e1n trampas delta, orientadas a la detecci\u00f3n de la polilla invasora&nbsp;<em>Lymantria dispar<\/em>, una especie con alto potencial de da\u00f1o sobre bosques nativos del g\u00e9nero&nbsp;<em>Nothofagu<\/em>s, como coig\u00fce y lenga, entre otros.<\/p>\n\n\n\n<p>La Seremi de Agricultura, Irene Ram\u00edrez M\u00e9rida destac\u00f3 el avance de la regi\u00f3n en esta materia, se\u00f1alando \u201cMagallanes da un paso importante en la modernizaci\u00f3n de sus procesos de vigilancia con la digitalizaci\u00f3n del registro de datos de trampeo a trav\u00e9s del Sistema Integrado de Vigilancia Fitosanitaria (SIVIF), que reemplaza al antiguo SISVEG. Este sistema permite que las inspecciones se registren en l\u00ednea y en terreno, facilitando la gesti\u00f3n de informaci\u00f3n y apoyando una toma de decisiones m\u00e1s oportuna para la prevenci\u00f3n y control de plagas forestales\u201d.<\/p>\n\n\n\n<p>Por su parte, el director regional (s) de SAG Magallanes, Juan Francisco \u00c1lvarez C\u00e1rcamo, destac\u00f3 \u201clas estaciones de prospecci\u00f3n y la instalaci\u00f3n de trampas que estamos desplegando en la provincia permiten actuar tempranamente ante cualquier brote de insectos que pueda afectar los bosques nativos y el arbolado urbano, protegiendo as\u00ed la biodiversidad regional. Este mismo trabajo se realiza tambi\u00e9n en el resto de la regi\u00f3n de Magallanes, reforzando la vigilancia y detecci\u00f3n temprana de plagas en todo el territorio\u201d.<\/p>\n\n\n\n<p>Finalmente, la encargada regional de la unidad de protecci\u00f3n agr\u00edcola, forestal y semillas de SAG Magallanes, Graciela Arancibia Reyes, hizo un llamado a la comunidad a colaborar con el trabajo del SAG. \u201cEs fundamental que la ciudadan\u00eda no manipule las trampas instaladas, ya que fueron ubicadas estrat\u00e9gicamente para monitorear la presencia de plagas, y cualquier alteraci\u00f3n puede afectar su eficacia. Si observa una trampa, por favor respete su ubicaci\u00f3n y evite moverla o tocarla\u201d, se\u00f1al\u00f3.<\/p>\n","protected":false},"excerpt":{"rendered":"<p>Durante la primavera, el Servicio Agr\u00edcola y Ganadero de Magallanes intensifica su labor de vigilancia forestal mediante la instalaci\u00f3n de una red estrat\u00e9gica de m\u00e1s de 70 trampas distribuidas en&#8230; <a class=\"read-more\" href=\"https:\/\/www.radiopresidenteibanez.cl\/web\/sag-magallanes-refuerza-vigilancia-forestal-con-la-instalacion-de-trampas-de-monitoreo\/\">Leer m\u00e1s<\/a><\/p>\n","protected":false},"author":2,"featured_media":60542,"comment_status":"closed","ping_status":"closed","sticky":false,"template":"","format":"standard","meta":{"footnotes":""},"categories":[1],"tags":[],"class_list":["post-60541","post","type-post","status-publish","format-standard","has-post-thumbnail","hentry","category-cronica"],"_links":{"self":[{"href":"https:\/\/www.radiopresidenteibanez.cl\/web\/wp-json\/wp\/v2\/posts\/60541","targetHints":{"allow":["GET"]}}],"collection":[{"href":"https:\/\/www.radiopresidenteibanez.cl\/web\/wp-json\/wp\/v2\/posts"}],"about":[{"href":"https:\/\/www.radiopresidenteibanez.cl\/web\/wp-json\/wp\/v2\/types\/post"}],"author":[{"embeddable":true,"href":"https:\/\/www.radiopresidenteibanez.cl\/web\/wp-json\/wp\/v2\/users\/2"}],"replies":[{"embeddable":true,"href":"https:\/\/www.radiopresidenteibanez.cl\/web\/wp-json\/wp\/v2\/comments?post=60541"}],"version-history":[{"count":0,"href":"https:\/\/www.radiopresidenteibanez.cl\/web\/wp-json\/wp\/v2\/posts\/60541\/revisions"}],"wp:featuredmedia":[{"embeddable":true,"href":"https:\/\/www.radiopresidenteibanez.cl\/web\/wp-json\/wp\/v2\/media\/60542"}],"wp:attachment":[{"href":"https:\/\/www.radiopresidenteibanez.cl\/web\/wp-json\/wp\/v2\/media?parent=60541"}],"wp:term":[{"taxonomy":"category","embeddable":true,"href":"https:\/\/www.radiopresidenteibanez.cl\/web\/wp-json\/wp\/v2\/categories?post=60541"},{"taxonomy":"post_tag","embeddable":true,"href":"https:\/\/www.radiopresidenteibanez.cl\/web\/wp-json\/wp\/v2\/tags?post=60541"}],"curies":[{"name":"wp","href":"https:\/\/api.w.org\/{rel}","templated":true}]}}