{"id":60538,"date":"2025-12-09T11:08:00","date_gmt":"2025-12-09T14:08:00","guid":{"rendered":"https:\/\/www.radiopresidenteibanez.cl\/web\/?p=60538"},"modified":"2025-12-09T10:28:10","modified_gmt":"2025-12-09T13:28:10","slug":"galeria-palace-rinde-homenaje-a-gabriela-mistral-al-cumplirse-los-80-anos-desde-que-recibio-el-premio-nobel","status":"publish","type":"post","link":"https:\/\/www.radiopresidenteibanez.cl\/web\/galeria-palace-rinde-homenaje-a-gabriela-mistral-al-cumplirse-los-80-anos-desde-que-recibio-el-premio-nobel\/","title":{"rendered":"Galer\u00eda Palace rinde homenaje a Gabriela Mistral al cumplirse los 80 a\u00f1os desde que recibi\u00f3 el Premio Nobel"},"content":{"rendered":"\n<p>El 10 de diciembre de 1945, en Estocolmo, Gabriela Mistral recibi\u00f3 de manos del rey Gustavo V el Premio Nobel de Literatura. Ese d\u00eda se convirti\u00f3 en la primera mujer iberoamericana y la primera persona en latinoamericana en recibir el galard\u00f3n, abriendo un camino in\u00e9dito para las letras de la regi\u00f3n.<\/p>\n\n\n\n<p>Ochenta a\u00f1os despu\u00e9s, la escena se reimagina en el extremo austral del continente, en la Galer\u00eda Palace, hist\u00f3rico recinto comercial del casco patrimonial de Punta Arenas, la ciudad vuelve a entregarle simb\u00f3licamente el Nobel a Gabriela, esta vez en clave de teatro, m\u00fasica y encuentro comunitario.<\/p>\n\n\n\n<p>A las 11:00 horas del mi\u00e9rcoles 10 de diciembre, la actriz&nbsp;<strong>Dominga Larra\u00edn<\/strong>&nbsp;dar\u00e1 vida a la poeta en un mon\u00f3logo inspirado en el unipersonal&nbsp;<em>\u201cConociendo a Gabriela Mistral, una figura revolucionaria\u201d<\/em>, escrito por Federica Larra\u00edn Matte.<\/p>\n\n\n\n<p>En escena aparece una Gabriela lejos de la estatua y del billete: mujer mestiza, pobre, rural, inc\u00f3moda para los poderes de su \u00e9poca, pero firme en sus ideas sobre educaci\u00f3n p\u00fablica, justicia social y dignidad de los ni\u00f1os. El mon\u00f3logo recorre su infancia en el Valle de Elqui, las humillaciones vividas en la escuela, sus a\u00f1os de maestra rural y su paso por ciudades como Los Andes, Antofagasta, Traigu\u00e9n, Temuco y tambi\u00e9n Punta Arenas, donde ejerci\u00f3 como profesora y directora de liceo.<\/p>\n\n\n\n<p>La cr\u00f3nica esc\u00e9nica muestra a una mujer que se hizo maestra sin educaci\u00f3n formal, que escribi\u00f3 de noche para sus estudiantes y que vio c\u00f3mo sus poemas cruzaban fronteras mucho antes de que su nombre sonara en la Academia Sueca.<\/p>\n\n\n\n<p>Tras el mon\u00f3logo, el homenaje se vuelve m\u00fasica. El guitarr\u00f3n de&nbsp;<strong>Francisco Abarz\u00faa<\/strong>&nbsp;ocupar\u00e1 el centro de la galer\u00eda para ofrecer un repertorio de d\u00e9cimas dedicadas a la insigne poeta.<\/p>\n\n\n\n<p>La tradici\u00f3n popular de la d\u00e9cima se cruza aqu\u00ed con la intensidad de los versos mistralianos, la maternidad, la infancia, la pobreza digna, la tierra y el desarraigo resuenan en clave de canto campesino, a pocos metros del Estrecho de Magallanes. La idea es que cualquier persona que circule por la galer\u00eda \u2014quien va a comprar, quien solo mira vitrinas, quien entra por curiosidad\u2014 pueda detenerse un momento y escuchar a Gabriela dicha en voz alta.<\/p>\n\n\n\n<p><strong>Hoshken y el folclor magall\u00e1nico&nbsp;<\/strong><\/p>\n\n\n\n<p>El cierre de la jornada ser\u00e1 a las 18:00 horas, con un recital del grupo Hoshken, emblem\u00e1tica agrupaci\u00f3n folcl\u00f3rica de Punta Arenas.<\/p>\n\n\n\n<p>Hoshken naci\u00f3 el a\u00f1o 2000 y desde entonces se ha definido como un colectivo incansable en el cultivo de la cultura regional, nacional y latinoamericana, con un trabajo que combina m\u00fasica, escena y varias generaciones de integrantes.<\/p>\n\n\n\n<p>Con 25 a\u00f1os de trayectoria, el grupo ha llevado su propuesta a distintos escenarios de Chile, Argentina y Uruguay, y recientemente celebr\u00f3 su aniversario preparando nuevas presentaciones y proyectos, consolid\u00e1ndose como una verdadera comunidad art\u00edstica m\u00e1s que solo una banda folcl\u00f3rica.<\/p>\n\n\n\n<p>En la Galer\u00eda Palace, Hoshken ofrecer\u00e1 un programa especial con poemas de Gabriela Mistral musicalizados y piezas que dialogan con los temas que marcaron su obra: la ni\u00f1ez, la tierra, la memoria, la espiritualidad y el arraigo latinoamericano. La poeta vuelve as\u00ed en forma de canci\u00f3n, bajo la techumbre de vidrio del recinto comercial, mezclando guitarras, vientos, percusiones y voces que invitan a cantar en comunidad.<\/p>\n\n\n\n<p>La actividad es organizada por la Agrupaci\u00f3n Galer\u00eda Palace Conecta, que re\u00fane a locatarias y locatarios del principal centro comercial del casco hist\u00f3rico de Punta Arenas. El objetivo del colectivo es reactivar el centro comercial patrimonial, vincularlo con la comunidad y convertirlo en un espacio donde el comercio conviva con la cultura, la memoria y la vida cotidiana de la ciudad.<\/p>\n\n\n\n<p>\u201cOchenta a\u00f1os despu\u00e9s del Nobel, quisimos sacar a Gabriela del bronce y traerla de vuelta al barrio\u201d, plantea Cristi\u00e1n Morales, representante de la agrupaci\u00f3n. \u201cFue la primera mujer iberoamericana y la primera autora latinoamericana en recibir este premio, y nos parec\u00eda potente que ese hito se recordara no solo en las aulas o en los grandes teatros, sino tambi\u00e9n en una galer\u00eda comercial, entre vitrinas, caf\u00e9s y libros. Aqu\u00ed tambi\u00e9n se construye identidad\u201d.<\/p>\n\n\n\n<p>Para Morales, la elecci\u00f3n de la Galer\u00eda Palace no es casual. \u201cNuestro sue\u00f1o es que la galer\u00eda vuelva a ser un lugar de encuentro del centro patrimonial de Punta Arenas.Reactivar el barrio no es solo pintar fachadas o atraer m\u00e1s consumo; es llenar estos pasillos de historias, arte y afectos. Gabriela Mistral fue maestra en estas latitudes y parte de su vida la pens\u00f3 desde el sur del mundo. Que su voz vuelva a sonar aqu\u00ed es una forma de decir que este centro comercial tambi\u00e9n es espacio de cultura y de comunidad\u201d, afirma.<\/p>\n\n\n\n<p>Entre el mon\u00f3logo de Dominga Larra\u00edn, las d\u00e9cimas de Francisco Abarz\u00faa y el recital de Hoshken, el 10 de diciembre la Galer\u00eda Palace se transformar\u00e1 en un escenario vivo donde la poes\u00eda se cruza con el comercio y la historia con la cotidianeidad.<\/p>\n\n\n\n<p>Ochenta a\u00f1os despu\u00e9s de que la Academia Sueca reconociera a la primera autora latinoamericana con el Nobel de Literatura, Punta Arenas le devuelve el gesto desde su casco patrimonial y la invita a caminar de nuevo por sus pasillos, a escuchar la guitarra, a mezclarse con ni\u00f1as, ni\u00f1os, vecinas, vecinos y visitantes que, quiz\u00e1 sin propon\u00e9rselo, ese d\u00eda se topar\u00e1n de frente con Gabriela Mistral.<\/p>\n","protected":false},"excerpt":{"rendered":"<p>El 10 de diciembre de 1945, en Estocolmo, Gabriela Mistral recibi\u00f3 de manos del rey Gustavo V el Premio Nobel de Literatura. Ese d\u00eda se convirti\u00f3 en la primera mujer&#8230; <a class=\"read-more\" href=\"https:\/\/www.radiopresidenteibanez.cl\/web\/galeria-palace-rinde-homenaje-a-gabriela-mistral-al-cumplirse-los-80-anos-desde-que-recibio-el-premio-nobel\/\">Leer m\u00e1s<\/a><\/p>\n","protected":false},"author":2,"featured_media":60539,"comment_status":"closed","ping_status":"closed","sticky":false,"template":"","format":"standard","meta":{"footnotes":""},"categories":[1],"tags":[],"class_list":["post-60538","post","type-post","status-publish","format-standard","has-post-thumbnail","hentry","category-cronica"],"_links":{"self":[{"href":"https:\/\/www.radiopresidenteibanez.cl\/web\/wp-json\/wp\/v2\/posts\/60538","targetHints":{"allow":["GET"]}}],"collection":[{"href":"https:\/\/www.radiopresidenteibanez.cl\/web\/wp-json\/wp\/v2\/posts"}],"about":[{"href":"https:\/\/www.radiopresidenteibanez.cl\/web\/wp-json\/wp\/v2\/types\/post"}],"author":[{"embeddable":true,"href":"https:\/\/www.radiopresidenteibanez.cl\/web\/wp-json\/wp\/v2\/users\/2"}],"replies":[{"embeddable":true,"href":"https:\/\/www.radiopresidenteibanez.cl\/web\/wp-json\/wp\/v2\/comments?post=60538"}],"version-history":[{"count":0,"href":"https:\/\/www.radiopresidenteibanez.cl\/web\/wp-json\/wp\/v2\/posts\/60538\/revisions"}],"wp:featuredmedia":[{"embeddable":true,"href":"https:\/\/www.radiopresidenteibanez.cl\/web\/wp-json\/wp\/v2\/media\/60539"}],"wp:attachment":[{"href":"https:\/\/www.radiopresidenteibanez.cl\/web\/wp-json\/wp\/v2\/media?parent=60538"}],"wp:term":[{"taxonomy":"category","embeddable":true,"href":"https:\/\/www.radiopresidenteibanez.cl\/web\/wp-json\/wp\/v2\/categories?post=60538"},{"taxonomy":"post_tag","embeddable":true,"href":"https:\/\/www.radiopresidenteibanez.cl\/web\/wp-json\/wp\/v2\/tags?post=60538"}],"curies":[{"name":"wp","href":"https:\/\/api.w.org\/{rel}","templated":true}]}}