{"id":60535,"date":"2025-12-09T10:35:00","date_gmt":"2025-12-09T13:35:00","guid":{"rendered":"https:\/\/www.radiopresidenteibanez.cl\/web\/?p=60535"},"modified":"2025-12-09T08:39:24","modified_gmt":"2025-12-09T11:39:24","slug":"juan-aro-seleccionado-dentro-de-los-100-artistas-emergentes-latinoamericanos-2026","status":"publish","type":"post","link":"https:\/\/www.radiopresidenteibanez.cl\/web\/juan-aro-seleccionado-dentro-de-los-100-artistas-emergentes-latinoamericanos-2026\/","title":{"rendered":"Juan Aro seleccionado dentro de los 100 artistas emergentes latinoamericanos 2026"},"content":{"rendered":"\n<p>El m\u00fasico patag\u00f3nico&nbsp;<strong>Juan Aro<\/strong>&nbsp;fue incluido en la prestigiosa selecci\u00f3n&nbsp;<strong>\u201c100 Artistas Emergentes 2026 \u2013 Viernes Emergente\u201d<\/strong>, una curadur\u00eda realizada a nivel de&nbsp;<strong>toda Latinoam\u00e9rica<\/strong>&nbsp;desde&nbsp;<strong>Ciudad de M\u00e9xico<\/strong>, donde tiene sede tanto la playlist&nbsp;<em>Viernes Emergente<\/em>&nbsp;como su directora, la gestora musical&nbsp;<strong>Lilian C\u00e1zares<\/strong>.<\/p>\n\n\n\n<p>La lista re\u00fane a talentos emergentes de distintos territorios y ser\u00e1 presentada oficialmente a trav\u00e9s de una playlist especial en&nbsp;<strong>Spotify durante enero de 2026<\/strong>. El tema seleccionado para representar a Juan Aro es&nbsp;<strong>\u201cCu c\u00fa\u201d<\/strong>, una pieza que refleja su exploraci\u00f3n sonora.<\/p>\n\n\n\n<p>Para el artista, este reconocimiento significa \u201cun impulso enorme para seguir creando, so\u00f1ando y construyendo mi camino desde el sur\u201d. Aro destaca el rol que cumplen iniciativas como Viernes Emergente desde Ciudad de M\u00e9xico, abriendo nuevas ventanas de difusi\u00f3n para m\u00fasicos independientes de toda la regi\u00f3n.<\/p>\n\n\n\n<p>Juan invita a todas y todos a escuchar&nbsp;<strong>\u201cCu c\u00fa\u201d<\/strong>&nbsp;en Spotify, y a acompa\u00f1arlo en este nuevo cap\u00edtulo con el cari\u00f1o de siempre.<\/p>\n\n\n\n<p>Durante 2026, Juan Aro continuar\u00e1 desarrollando su proyecto musical, preparando nuevos lanzamientos y presentaciones en vivo.<\/p>\n","protected":false},"excerpt":{"rendered":"<p>El m\u00fasico patag\u00f3nico&nbsp;Juan Aro&nbsp;fue incluido en la prestigiosa selecci\u00f3n&nbsp;\u201c100 Artistas Emergentes 2026 \u2013 Viernes Emergente\u201d, una curadur\u00eda realizada a nivel de&nbsp;toda Latinoam\u00e9rica&nbsp;desde&nbsp;Ciudad de M\u00e9xico, donde tiene sede tanto la playlist&nbsp;Viernes&#8230; <a class=\"read-more\" href=\"https:\/\/www.radiopresidenteibanez.cl\/web\/juan-aro-seleccionado-dentro-de-los-100-artistas-emergentes-latinoamericanos-2026\/\">Leer m\u00e1s<\/a><\/p>\n","protected":false},"author":2,"featured_media":60536,"comment_status":"closed","ping_status":"closed","sticky":false,"template":"","format":"standard","meta":{"footnotes":""},"categories":[1],"tags":[],"class_list":["post-60535","post","type-post","status-publish","format-standard","has-post-thumbnail","hentry","category-cronica"],"_links":{"self":[{"href":"https:\/\/www.radiopresidenteibanez.cl\/web\/wp-json\/wp\/v2\/posts\/60535","targetHints":{"allow":["GET"]}}],"collection":[{"href":"https:\/\/www.radiopresidenteibanez.cl\/web\/wp-json\/wp\/v2\/posts"}],"about":[{"href":"https:\/\/www.radiopresidenteibanez.cl\/web\/wp-json\/wp\/v2\/types\/post"}],"author":[{"embeddable":true,"href":"https:\/\/www.radiopresidenteibanez.cl\/web\/wp-json\/wp\/v2\/users\/2"}],"replies":[{"embeddable":true,"href":"https:\/\/www.radiopresidenteibanez.cl\/web\/wp-json\/wp\/v2\/comments?post=60535"}],"version-history":[{"count":0,"href":"https:\/\/www.radiopresidenteibanez.cl\/web\/wp-json\/wp\/v2\/posts\/60535\/revisions"}],"wp:featuredmedia":[{"embeddable":true,"href":"https:\/\/www.radiopresidenteibanez.cl\/web\/wp-json\/wp\/v2\/media\/60536"}],"wp:attachment":[{"href":"https:\/\/www.radiopresidenteibanez.cl\/web\/wp-json\/wp\/v2\/media?parent=60535"}],"wp:term":[{"taxonomy":"category","embeddable":true,"href":"https:\/\/www.radiopresidenteibanez.cl\/web\/wp-json\/wp\/v2\/categories?post=60535"},{"taxonomy":"post_tag","embeddable":true,"href":"https:\/\/www.radiopresidenteibanez.cl\/web\/wp-json\/wp\/v2\/tags?post=60535"}],"curies":[{"name":"wp","href":"https:\/\/api.w.org\/{rel}","templated":true}]}}