{"id":60532,"date":"2025-12-09T09:19:00","date_gmt":"2025-12-09T12:19:00","guid":{"rendered":"https:\/\/www.radiopresidenteibanez.cl\/web\/?p=60532"},"modified":"2025-12-09T08:25:43","modified_gmt":"2025-12-09T11:25:43","slug":"operativo-de-seguridad-en-bahia-azul-refuerza-coordinacion-interinstitucional-en-tierra-del-fuego","status":"publish","type":"post","link":"https:\/\/www.radiopresidenteibanez.cl\/web\/operativo-de-seguridad-en-bahia-azul-refuerza-coordinacion-interinstitucional-en-tierra-del-fuego\/","title":{"rendered":"Operativo de seguridad en Bah\u00eda Azul refuerza coordinaci\u00f3n interinstitucional en Tierra del Fuego"},"content":{"rendered":"\n<p>Un \u00edntegro operativo de fiscalizaci\u00f3n se desarroll\u00f3 en Bah\u00eda Azul, encabezado por el delegado<br>presidencial provincial de Tierra del Fuego, Jos\u00e9 Campos Prieto, junto a equipos de la Polic\u00eda<br>Mar\u00edtima, Aduana, Servicio Agr\u00edcola y Ganadero, Municipalidad de Primavera y Seremi de<br>Seguridad P\u00fablica.<br>Durante el despliegue, la autoridad provincial destac\u00f3 la importancia de estos controles para<br>resguardar el cumplimiento de la normativa vigente y prevenir delitos en un punto estrat\u00e9gico de<br>la provincia.<br>\u201cEstamos aqu\u00ed en Bah\u00eda Azul realizando una fiscalizaci\u00f3n con todos los servicios correspondientes.<br>La intenci\u00f3n es ver que todo se est\u00e9 cumpliendo de acuerdo con nuestras normas, ver que no se<br>est\u00e9 realizando ning\u00fan il\u00edcito y no se est\u00e9 transportando sustancias indebidas. Queremos<br>recordarle a la ciudadan\u00eda que la seguridad es un tema de todos y que se trabaja en forma<br>conjunta\u201d, indic\u00f3 el delegado.<br>El delegado adem\u00e1s resalt\u00f3 los avances institucionales que dan respaldo a este trabajo<br>coordinado: \u201cNuestro pa\u00eds ha tenido un acuerdo general, un acuerdo pol\u00edtico, para constituir un<br>Ministerio de Seguridad que permitir\u00e1 que todos nuestros servicios operen de forma articulada.<br>Por eso, cuando tengan que hacer una denuncia, cuando vean un il\u00edcito, recurran siempre a las<br>instituciones formales. Nunca se olviden de ocupar el *4242 y hacer una denuncia como<br>corresponde\u201d, a\u00f1adi\u00f3.<br>La alcaldesa de Primavera, Karina Fern\u00e1ndez, que tambi\u00e9n particip\u00f3 del operativo, destac\u00f3 que<br>estas acciones responden a acuerdos adoptados en instancias de coordinaci\u00f3n intercomunal: \u201cEl<br>proceso de fiscalizaci\u00f3n surge de las reuniones del Consejo Intercomunal de Seguridad P\u00fablica<br>Primavera\u2013Timaukel, en la cual hemos relevado la importancia de hacer estos procesos en este<br>lugar tan estrat\u00e9gico en Tierra del Fuego, siempre bajo la coordinaci\u00f3n de la Seremi de Seguridad<br>P\u00fablica\u201d, se\u00f1al\u00f3 la jefa comunal.<br>Este operativo refuerza el compromiso de las autoridades locales y regionales con la seguridad<br>p\u00fablica en zonas clave de conectividad dentro de la isla, promoviendo el trabajo conjunto y<br>preventivo.<\/p>\n","protected":false},"excerpt":{"rendered":"<p>Un \u00edntegro operativo de fiscalizaci\u00f3n se desarroll\u00f3 en Bah\u00eda Azul, encabezado por el delegadopresidencial provincial de Tierra del Fuego, Jos\u00e9 Campos Prieto, junto a equipos de la Polic\u00edaMar\u00edtima, Aduana, Servicio&#8230; <a class=\"read-more\" href=\"https:\/\/www.radiopresidenteibanez.cl\/web\/operativo-de-seguridad-en-bahia-azul-refuerza-coordinacion-interinstitucional-en-tierra-del-fuego\/\">Leer m\u00e1s<\/a><\/p>\n","protected":false},"author":2,"featured_media":60533,"comment_status":"closed","ping_status":"closed","sticky":false,"template":"","format":"standard","meta":{"footnotes":""},"categories":[1],"tags":[],"class_list":["post-60532","post","type-post","status-publish","format-standard","has-post-thumbnail","hentry","category-cronica"],"_links":{"self":[{"href":"https:\/\/www.radiopresidenteibanez.cl\/web\/wp-json\/wp\/v2\/posts\/60532","targetHints":{"allow":["GET"]}}],"collection":[{"href":"https:\/\/www.radiopresidenteibanez.cl\/web\/wp-json\/wp\/v2\/posts"}],"about":[{"href":"https:\/\/www.radiopresidenteibanez.cl\/web\/wp-json\/wp\/v2\/types\/post"}],"author":[{"embeddable":true,"href":"https:\/\/www.radiopresidenteibanez.cl\/web\/wp-json\/wp\/v2\/users\/2"}],"replies":[{"embeddable":true,"href":"https:\/\/www.radiopresidenteibanez.cl\/web\/wp-json\/wp\/v2\/comments?post=60532"}],"version-history":[{"count":0,"href":"https:\/\/www.radiopresidenteibanez.cl\/web\/wp-json\/wp\/v2\/posts\/60532\/revisions"}],"wp:featuredmedia":[{"embeddable":true,"href":"https:\/\/www.radiopresidenteibanez.cl\/web\/wp-json\/wp\/v2\/media\/60533"}],"wp:attachment":[{"href":"https:\/\/www.radiopresidenteibanez.cl\/web\/wp-json\/wp\/v2\/media?parent=60532"}],"wp:term":[{"taxonomy":"category","embeddable":true,"href":"https:\/\/www.radiopresidenteibanez.cl\/web\/wp-json\/wp\/v2\/categories?post=60532"},{"taxonomy":"post_tag","embeddable":true,"href":"https:\/\/www.radiopresidenteibanez.cl\/web\/wp-json\/wp\/v2\/tags?post=60532"}],"curies":[{"name":"wp","href":"https:\/\/api.w.org\/{rel}","templated":true}]}}