{"id":60529,"date":"2025-12-09T08:20:46","date_gmt":"2025-12-09T11:20:46","guid":{"rendered":"https:\/\/www.radiopresidenteibanez.cl\/web\/?p=60529"},"modified":"2025-12-09T08:21:30","modified_gmt":"2025-12-09T11:21:30","slug":"especialistas-del-rubro-electrico-participaron-en-rueda-de-negocios-para-explorar-oportunidades-estrategicas-y-tecnologicas","status":"publish","type":"post","link":"https:\/\/www.radiopresidenteibanez.cl\/web\/especialistas-del-rubro-electrico-participaron-en-rueda-de-negocios-para-explorar-oportunidades-estrategicas-y-tecnologicas\/","title":{"rendered":"Especialistas del rubro el\u00e9ctrico participaron en rueda de negocios para explorar oportunidades estrat\u00e9gicas y tecnol\u00f3gicas"},"content":{"rendered":"\n<p>Una convocatoria para<br>especialistas del rubro el\u00e9ctrico, denominada \u201cRueda de Negocios: Conexiones<br>para el futuro\u201d se desarroll\u00f3 en Punta Arenas. \u00c9sta inclu\u00eda un espacio de<br>networking, donde pudieron interactuar profesionales y t\u00e9cnicos el\u00e9ctricos,<br>proveedores de la industria, integrantes del \u00e1rea de la construcci\u00f3n, entre otros.<br>La iniciativa estuvo a cargo de Multitodo, que comercializa productos relacionados<br>a la industria el\u00e9ctrica, tanto para particulares como para empresas, empresa que<br>ya suma 6 a\u00f1os de existencia, pero que organiz\u00f3 este evento en el marco del<br>primer aniversario de su \u00e1rea el\u00e9ctrica y cont\u00f3 con la presencia de tres partners<br>estrat\u00e9gicos del \u00e1rea de materiales el\u00e9ctricos de Santiago, las que tienen<br>presencia nacional y mundial: Chint, Lexo y S\u2019nthesi.<br>Jorge Salgado, fundador de Multitodo, coment\u00f3 que la reuni\u00f3n permiti\u00f3, por<br>ejemplo, \u201cconectar a nuestros proveedores con inmobiliarias e instaladores<br>el\u00e9ctricos de la ciudad\u201d, y se mostr\u00f3 satisfecho porque el objetivo se vio cumplido:<br>\u201cla meta era conectar soluciones t\u00e9cnicas que est\u00e1n a nivel pa\u00eds y nosotros<br>posicionarnos como una aporte comercial completo a la industria, tanto productiva<br>como de la construcci\u00f3n en Punta Arenas, para especialistas el\u00e9ctricos como una<br>nueva alternativa de la ciudad que puede atraer una mayor variedad con<br>beneficios log\u00edsticos y econ\u00f3micos para la comunidad empresarial\u201d.<br>Jorge Ibarra, ingeniero el\u00e9ctrico de la empresa 45\u00b0 arquitectura, fue uno de los<br>asistentes a la rueda de negocios: \u201cSiempre estamos en consulta con Multitodo,<br>que nos hicieron la invitaci\u00f3n. Es bueno venir a conversar con colegas y<br>compa\u00f1eros de la universidad, conocer a gente nueva y empresas que uno no<br>sabe que est\u00e1n en la regi\u00f3n y as\u00ed informarse de los productos que ofrecen\u201d.<br>H\u00e9ctor Rosad\u00edo de Swisslog Shipping, atiende a Multitodo en el \u00e1rea log\u00edstica y<br>destac\u00f3 la posibilidad de conocer distritos productos y representantes de distintas<br>industrias, como as\u00ed tambi\u00e9n interiorizarse sobre iniciativas como el Hub Fpyme<br>Magallanes: \u201ces la oportunidad de pertenecer a la comunidad, eso va generando<br>lazos entre personas, entre empresa, va generando negocios y va generando una<br>cadena virtuosa\u201d.<\/p>\n","protected":false},"excerpt":{"rendered":"<p>Una convocatoria paraespecialistas del rubro el\u00e9ctrico, denominada \u201cRueda de Negocios: Conexionespara el futuro\u201d se desarroll\u00f3 en Punta Arenas. \u00c9sta inclu\u00eda un espacio denetworking, donde pudieron interactuar profesionales y t\u00e9cnicos el\u00e9ctricos,proveedores&#8230; <a class=\"read-more\" href=\"https:\/\/www.radiopresidenteibanez.cl\/web\/especialistas-del-rubro-electrico-participaron-en-rueda-de-negocios-para-explorar-oportunidades-estrategicas-y-tecnologicas\/\">Leer m\u00e1s<\/a><\/p>\n","protected":false},"author":2,"featured_media":60530,"comment_status":"closed","ping_status":"closed","sticky":false,"template":"","format":"standard","meta":{"footnotes":""},"categories":[1],"tags":[],"class_list":["post-60529","post","type-post","status-publish","format-standard","has-post-thumbnail","hentry","category-cronica"],"_links":{"self":[{"href":"https:\/\/www.radiopresidenteibanez.cl\/web\/wp-json\/wp\/v2\/posts\/60529","targetHints":{"allow":["GET"]}}],"collection":[{"href":"https:\/\/www.radiopresidenteibanez.cl\/web\/wp-json\/wp\/v2\/posts"}],"about":[{"href":"https:\/\/www.radiopresidenteibanez.cl\/web\/wp-json\/wp\/v2\/types\/post"}],"author":[{"embeddable":true,"href":"https:\/\/www.radiopresidenteibanez.cl\/web\/wp-json\/wp\/v2\/users\/2"}],"replies":[{"embeddable":true,"href":"https:\/\/www.radiopresidenteibanez.cl\/web\/wp-json\/wp\/v2\/comments?post=60529"}],"version-history":[{"count":0,"href":"https:\/\/www.radiopresidenteibanez.cl\/web\/wp-json\/wp\/v2\/posts\/60529\/revisions"}],"wp:featuredmedia":[{"embeddable":true,"href":"https:\/\/www.radiopresidenteibanez.cl\/web\/wp-json\/wp\/v2\/media\/60530"}],"wp:attachment":[{"href":"https:\/\/www.radiopresidenteibanez.cl\/web\/wp-json\/wp\/v2\/media?parent=60529"}],"wp:term":[{"taxonomy":"category","embeddable":true,"href":"https:\/\/www.radiopresidenteibanez.cl\/web\/wp-json\/wp\/v2\/categories?post=60529"},{"taxonomy":"post_tag","embeddable":true,"href":"https:\/\/www.radiopresidenteibanez.cl\/web\/wp-json\/wp\/v2\/tags?post=60529"}],"curies":[{"name":"wp","href":"https:\/\/api.w.org\/{rel}","templated":true}]}}