{"id":6044,"date":"2019-07-30T19:52:08","date_gmt":"2019-07-30T19:52:08","guid":{"rendered":"http:\/\/www.radiopresidenteibanez.cl\/web\/?p=6044"},"modified":"2019-07-30T19:52:24","modified_gmt":"2019-07-30T19:52:24","slug":"municipio-gana-causa-laboral-contra-guardias-del-cementerio","status":"publish","type":"post","link":"https:\/\/www.radiopresidenteibanez.cl\/web\/municipio-gana-causa-laboral-contra-guardias-del-cementerio\/","title":{"rendered":"MUNICIPIO GANA CAUSA LABORAL CONTRA GUARDIAS DEL CEMENTERIO"},"content":{"rendered":"\n<p>El pasado 17 de julio del 2019, el Juzgado de Letras del Trabajo certific\u00f3 la sentencia definitiva en la cual se establece que \u201cse rechaza en todas sus partes la demanda intentada por los guardias de seguridad mencionados, se\u00f1alando expresamente que las conductas alegadas, no pueden configurarse como acoso laboral vulneratorio de Derechos Fundamentales, sino que m\u00e1s bien pueden entenderse como deficiencias en la Administraci\u00f3n del Cementerio Municipal\u201d, esto luego de la presentaci\u00f3n ante dicho Tribunal por parte de Gabriela D\u00edaz Toledo, Juan Barrientos Barr\u00eda, Mauricio Barrientos Barr\u00eda, Jessica Bahamonde Vidal, Elena Jaramillo Ojeda y Fernando \u00c1lvarez Vera, quienes realizaron una denuncia por tutela laboral, con ocasi\u00f3n de vulneraci\u00f3n de DD.FF., solicitando cesar en las conductas alegadas, as\u00ed como tambi\u00e9n, indemnizaciones por da\u00f1o moral, por la suma de 10 millones de pesos a cada uno de ellos.<\/p>\n\n\n\n<p>Asimismo, el fallo establece que el descuento en las remuneraciones del personal de seguridad resultaba del todo procedente, en atenci\u00f3n a lo resuelto por la Contralor\u00eda Regional en la investigaci\u00f3n especial llevada a cabo.<\/p>\n\n\n\n<p>De esta forma, el fallo reconoce que no se configur\u00f3 bajo ning\u00fan punto de vista acoso laboral en contra del personal de seguridad; que las deficiencias constatadas no pueden ser entendidas como acoso en los t\u00e9rminos establecidos en el art. 2 del C\u00f3digo del Trabajo; y que el descuento de las remuneraciones por pagos mal habidos resultaba concordante con lo resuelto por la Contralor\u00eda Regional, en informe final de investigaci\u00f3n especial, remitido al Municipio por ord. N\u00b0 1666, de 28 de junio de 2018.<\/p>\n\n\n\n<p>En ese sentido, el alcalde Claudio Radonich expres\u00f3 que \u201ccon tranquilidad recibimos la notificaci\u00f3n de la sentencia definitiva de la causa presentada por un grupo de guardias del cementerio municipal, que solicitaban indemnizaciones por supuesto acoso laboral\u201d.<\/p>\n\n\n\n<p>A esto, Radonich agreg\u00f3 que \u201cnuestro actuar siempre ha sido de manera transparente, &nbsp;y por cierto respetando los derechos laborales, as\u00ed que quedamos tranquilos con el fin de este litigio favorable para nosotros\u201d.<br><\/p>\n","protected":false},"excerpt":{"rendered":"<p>El pasado 17 de julio del 2019, el Juzgado de Letras del Trabajo certific\u00f3 la sentencia definitiva en la cual se establece que \u201cse rechaza en todas sus partes la&#8230; <a class=\"read-more\" href=\"https:\/\/www.radiopresidenteibanez.cl\/web\/municipio-gana-causa-laboral-contra-guardias-del-cementerio\/\">Leer m\u00e1s<\/a><\/p>\n","protected":false},"author":2,"featured_media":6045,"comment_status":"closed","ping_status":"closed","sticky":false,"template":"","format":"standard","meta":{"footnotes":""},"categories":[1],"tags":[],"class_list":["post-6044","post","type-post","status-publish","format-standard","has-post-thumbnail","hentry","category-cronica"],"_links":{"self":[{"href":"https:\/\/www.radiopresidenteibanez.cl\/web\/wp-json\/wp\/v2\/posts\/6044","targetHints":{"allow":["GET"]}}],"collection":[{"href":"https:\/\/www.radiopresidenteibanez.cl\/web\/wp-json\/wp\/v2\/posts"}],"about":[{"href":"https:\/\/www.radiopresidenteibanez.cl\/web\/wp-json\/wp\/v2\/types\/post"}],"author":[{"embeddable":true,"href":"https:\/\/www.radiopresidenteibanez.cl\/web\/wp-json\/wp\/v2\/users\/2"}],"replies":[{"embeddable":true,"href":"https:\/\/www.radiopresidenteibanez.cl\/web\/wp-json\/wp\/v2\/comments?post=6044"}],"version-history":[{"count":0,"href":"https:\/\/www.radiopresidenteibanez.cl\/web\/wp-json\/wp\/v2\/posts\/6044\/revisions"}],"wp:featuredmedia":[{"embeddable":true,"href":"https:\/\/www.radiopresidenteibanez.cl\/web\/wp-json\/wp\/v2\/media\/6045"}],"wp:attachment":[{"href":"https:\/\/www.radiopresidenteibanez.cl\/web\/wp-json\/wp\/v2\/media?parent=6044"}],"wp:term":[{"taxonomy":"category","embeddable":true,"href":"https:\/\/www.radiopresidenteibanez.cl\/web\/wp-json\/wp\/v2\/categories?post=6044"},{"taxonomy":"post_tag","embeddable":true,"href":"https:\/\/www.radiopresidenteibanez.cl\/web\/wp-json\/wp\/v2\/tags?post=6044"}],"curies":[{"name":"wp","href":"https:\/\/api.w.org\/{rel}","templated":true}]}}