{"id":6041,"date":"2019-07-30T19:42:22","date_gmt":"2019-07-30T19:42:22","guid":{"rendered":"http:\/\/www.radiopresidenteibanez.cl\/web\/?p=6041"},"modified":"2019-07-30T19:42:32","modified_gmt":"2019-07-30T19:42:32","slug":"exitosa-convocatoria-tuvo-curso-de-ilustracion-cientifica-en-la-region-de-magallanes","status":"publish","type":"post","link":"https:\/\/www.radiopresidenteibanez.cl\/web\/exitosa-convocatoria-tuvo-curso-de-ilustracion-cientifica-en-la-region-de-magallanes\/","title":{"rendered":"EXITOSA CONVOCATORIA TUVO CURSO DE ILUSTRACI\u00d3N CIENT\u00cdFICA EN LA REGI\u00d3N DE MAGALLANES"},"content":{"rendered":"\n<p>\u201cIlustrando la biodiversidad marina del fin del mundo\u201d tienen por nombre los cursos gratuitos de ilustraci\u00f3n cient\u00edfica que organiza Fundaci\u00f3n Mar y Ciencia, a trav\u00e9s del financiamiento del Fondo Nacional de las Artes (Fondart). La iniciativa caus\u00f3 gran inter\u00e9s en la comunidad, y en un par de d\u00edas se llenaron los cupos, tanto en Punta Arenas como en Puerto Natales. Hoy ambas ciudades se encuentran con lista de espera, hecho que motiva a sus organizadores a repetir estas instancias.<\/p>\n\n\n\n<p>El curso es te\u00f3rico-pr\u00e1ctico e intensivo, donde los asistentes conocer\u00e1n sobre la biodiversidad marina de Magallanes y Ant\u00e1rtica Chilena. Las ilustraciones realizadas, en t\u00e9cnica de acuarela y l\u00e1piz, versar\u00e1n sobre esta tem\u00e1tica con el objetivo de revelar y difundir la importancia que tiene la conservaci\u00f3n y el conocimiento del ecosistema marino de la zona m\u00e1s austral de nuestro pa\u00eds.<\/p>\n\n\n\n<p>\u201cMagallanes y Ant\u00e1rtica albergan una biodiversidad marina muy rica y diversa, donde podemos apreciar, por ejemplo, algas muy coloridas, hermosos mam\u00edferos marinos y aves t\u00edpicas de la zona austral\u201d coment\u00f3, la directora regional de Fundaci\u00f3n Mar y Ciencia, Catalina Velasco.&nbsp;Seg\u00fan explica Catalina, a trav\u00e9s de este curso tambi\u00e9n se espera concientizar sobre el cuidado de&nbsp;la naturaleza que nos rodea y que constantemente sufre grandes amenazas. \u201cLas artes visuales son una excelente herramienta para apreciar y difundir el patrimonio natural de una regi\u00f3n\u201d, enfatiz\u00f3.<\/p>\n\n\n\n<p>El director ejecutivo de Fundaci\u00f3n Mar y Ciencia, Felipe Pizarro, precis\u00f3 que tambi\u00e9n es necesario dar a conocer a la comunidad que la Ilustraci\u00f3n Cient\u00edfica es una expresi\u00f3n art\u00edstica que une arte y ciencia. Ac\u00e1 se \u201ccondensa\u201d en un solo ejemplar todas las caracter\u00edsticas propias de la especie que se est\u00e1 ilustrando. \u201cEs necesario conocer muy bien la especie a ilustrar: su forma, textura, dimensiones, etc. Adem\u00e1s, se requiere un manejo correcto de la perspectiva, luz y colores, para que todas las estructuras de la especie sean perfectamente representadas\u201d, precis\u00f3 Felipe.<\/p>\n\n\n\n<p>Una vez finalizados los cursos, la comunidad tendr\u00e1 la oportunidad de apreciar el trabajo realizado por los alumnos, a trav\u00e9s de tres exposiciones que se realizar\u00e1n tanto en Punta Arenas (Instituto Ant\u00e1rtico Chileno y ZonAustral), como en Puerto Natales (Centro Cultural Natalis), entre septiembre y octubre de este a\u00f1o.<\/p>\n\n\n\n<p>Sigue a Fundaci\u00f3n Mar y Ciencia en redes sociales como @maryciencia&nbsp;<\/p>\n","protected":false},"excerpt":{"rendered":"<p>\u201cIlustrando la biodiversidad marina del fin del mundo\u201d tienen por nombre los cursos gratuitos de ilustraci\u00f3n cient\u00edfica que organiza Fundaci\u00f3n Mar y Ciencia, a trav\u00e9s del financiamiento del Fondo Nacional&#8230; <a class=\"read-more\" href=\"https:\/\/www.radiopresidenteibanez.cl\/web\/exitosa-convocatoria-tuvo-curso-de-ilustracion-cientifica-en-la-region-de-magallanes\/\">Leer m\u00e1s<\/a><\/p>\n","protected":false},"author":2,"featured_media":6042,"comment_status":"closed","ping_status":"closed","sticky":false,"template":"","format":"standard","meta":{"footnotes":""},"categories":[1],"tags":[],"class_list":["post-6041","post","type-post","status-publish","format-standard","has-post-thumbnail","hentry","category-cronica"],"_links":{"self":[{"href":"https:\/\/www.radiopresidenteibanez.cl\/web\/wp-json\/wp\/v2\/posts\/6041","targetHints":{"allow":["GET"]}}],"collection":[{"href":"https:\/\/www.radiopresidenteibanez.cl\/web\/wp-json\/wp\/v2\/posts"}],"about":[{"href":"https:\/\/www.radiopresidenteibanez.cl\/web\/wp-json\/wp\/v2\/types\/post"}],"author":[{"embeddable":true,"href":"https:\/\/www.radiopresidenteibanez.cl\/web\/wp-json\/wp\/v2\/users\/2"}],"replies":[{"embeddable":true,"href":"https:\/\/www.radiopresidenteibanez.cl\/web\/wp-json\/wp\/v2\/comments?post=6041"}],"version-history":[{"count":0,"href":"https:\/\/www.radiopresidenteibanez.cl\/web\/wp-json\/wp\/v2\/posts\/6041\/revisions"}],"wp:featuredmedia":[{"embeddable":true,"href":"https:\/\/www.radiopresidenteibanez.cl\/web\/wp-json\/wp\/v2\/media\/6042"}],"wp:attachment":[{"href":"https:\/\/www.radiopresidenteibanez.cl\/web\/wp-json\/wp\/v2\/media?parent=6041"}],"wp:term":[{"taxonomy":"category","embeddable":true,"href":"https:\/\/www.radiopresidenteibanez.cl\/web\/wp-json\/wp\/v2\/categories?post=6041"},{"taxonomy":"post_tag","embeddable":true,"href":"https:\/\/www.radiopresidenteibanez.cl\/web\/wp-json\/wp\/v2\/tags?post=6041"}],"curies":[{"name":"wp","href":"https:\/\/api.w.org\/{rel}","templated":true}]}}