{"id":6030,"date":"2019-07-30T01:29:14","date_gmt":"2019-07-30T01:29:14","guid":{"rendered":"http:\/\/www.radiopresidenteibanez.cl\/web\/?p=6030"},"modified":"2019-07-30T01:29:29","modified_gmt":"2019-07-30T01:29:29","slug":"autoridades-regionales-de-magallanes-visitaron-sector-afectado-en-isla-guarello","status":"publish","type":"post","link":"https:\/\/www.radiopresidenteibanez.cl\/web\/autoridades-regionales-de-magallanes-visitaron-sector-afectado-en-isla-guarello\/","title":{"rendered":"AUTORIDADES REGIONALES DE MAGALLANES VISITARON SECTOR AFECTADO EN ISLA GUARELLO"},"content":{"rendered":"\n<p>A bordo de una\nUnidad aeronaval se realiz\u00f3 la primera visita a terreno del Intendente\nRegional, Jos\u00e9 Fern\u00e1ndez y el Seremi de Medio Ambiente, Eduardo Schiappacasse ,\nen conjunto al Comandante en Jefe de la Tercera Zona Naval, el Contraalmirante\nRonald Baasch. <\/p>\n\n\n\n<p>Adicionalmente,\nviajaron a bordo de un helic\u00f3ptero de la Fuerza A\u00e9rea, servicios de\nfiscalizaci\u00f3n como la Superintendencia de Medio Ambiente, Sernageom\u00edn y el SEC\npara iniciar las labores de fiscalizaci\u00f3n en terreno.&nbsp;&nbsp; <\/p>\n\n\n\n<p>El fiscal\nmar\u00edtimo ha continuado con diligencias, inspeccionando y registrando el lugar\ndel incidente y tomando las declaraciones a todos los funcionarios CAP que\noperan los sistemas asociados al vertimiento.<\/p>\n\n\n\n<p>Es importante\nse\u00f1alar que, el material de contenci\u00f3n desplegado ha sido un aporte a las\nmedidas de mitigaci\u00f3n, en espera del arribo de la empresa OSR Litoral Spa\ncontratada para las tareas de limpieza. Destaca el empleo de una herramienta\nespecifica denominada bomba skimmer que permite filtrar el diesel, desde el\nmar. Esto ha contribuido directamente a mejorar las capacidades y recolecci\u00f3n\ndel combustible vertido. <\/p>\n\n\n\n<p>En tanto a las\nacciones a seguir, se informa que zarp\u00f3 la Lancha Misilera Casma, con la\nBrigada de Delitos Medioamientales de la PDI, objeto puedan cumplir con la\norden de investigar dictada por el Ministerio P\u00fablico; como as\u00ed mismo, personal\nbi\u00f3logo de Directemar que apoyar\u00e1 los peritajes y toma de muestras. <\/p>\n\n\n\n<p>Adem\u00e1s, el d\u00eda\nde ma\u00f1ana la OSR Litoral Spa con sus medios comenzar\u00e1 con los trabajos de\nlimpieza coordinados por la empresa CAP. <\/p>\n\n\n\n<p>Adicionalmente,\nse informa que este martes a bordo de una Unidad de la Armada llegar\u00e1n a la\nzona representantes de la comunidad kaweskar de Puerto Ed\u00e9n, para conocer en\ndetalle lo ocurrido en Isla Guarello.<\/p>\n","protected":false},"excerpt":{"rendered":"<p>A bordo de una Unidad aeronaval se realiz\u00f3 la primera visita a terreno del Intendente Regional, Jos\u00e9 Fern\u00e1ndez y el Seremi de Medio Ambiente, Eduardo Schiappacasse , en conjunto al&#8230; <a class=\"read-more\" href=\"https:\/\/www.radiopresidenteibanez.cl\/web\/autoridades-regionales-de-magallanes-visitaron-sector-afectado-en-isla-guarello\/\">Leer m\u00e1s<\/a><\/p>\n","protected":false},"author":2,"featured_media":6031,"comment_status":"closed","ping_status":"closed","sticky":false,"template":"","format":"standard","meta":{"footnotes":""},"categories":[1],"tags":[],"class_list":["post-6030","post","type-post","status-publish","format-standard","has-post-thumbnail","hentry","category-cronica"],"_links":{"self":[{"href":"https:\/\/www.radiopresidenteibanez.cl\/web\/wp-json\/wp\/v2\/posts\/6030","targetHints":{"allow":["GET"]}}],"collection":[{"href":"https:\/\/www.radiopresidenteibanez.cl\/web\/wp-json\/wp\/v2\/posts"}],"about":[{"href":"https:\/\/www.radiopresidenteibanez.cl\/web\/wp-json\/wp\/v2\/types\/post"}],"author":[{"embeddable":true,"href":"https:\/\/www.radiopresidenteibanez.cl\/web\/wp-json\/wp\/v2\/users\/2"}],"replies":[{"embeddable":true,"href":"https:\/\/www.radiopresidenteibanez.cl\/web\/wp-json\/wp\/v2\/comments?post=6030"}],"version-history":[{"count":0,"href":"https:\/\/www.radiopresidenteibanez.cl\/web\/wp-json\/wp\/v2\/posts\/6030\/revisions"}],"wp:featuredmedia":[{"embeddable":true,"href":"https:\/\/www.radiopresidenteibanez.cl\/web\/wp-json\/wp\/v2\/media\/6031"}],"wp:attachment":[{"href":"https:\/\/www.radiopresidenteibanez.cl\/web\/wp-json\/wp\/v2\/media?parent=6030"}],"wp:term":[{"taxonomy":"category","embeddable":true,"href":"https:\/\/www.radiopresidenteibanez.cl\/web\/wp-json\/wp\/v2\/categories?post=6030"},{"taxonomy":"post_tag","embeddable":true,"href":"https:\/\/www.radiopresidenteibanez.cl\/web\/wp-json\/wp\/v2\/tags?post=6030"}],"curies":[{"name":"wp","href":"https:\/\/api.w.org\/{rel}","templated":true}]}}