{"id":6026,"date":"2019-07-29T23:56:12","date_gmt":"2019-07-29T23:56:12","guid":{"rendered":"http:\/\/www.radiopresidenteibanez.cl\/web\/?p=6026"},"modified":"2019-07-29T23:56:27","modified_gmt":"2019-07-29T23:56:27","slug":"fruterias-debieron-optar-por-traer-productos-por-avion-para-abastecer-sus-locales","status":"publish","type":"post","link":"https:\/\/www.radiopresidenteibanez.cl\/web\/fruterias-debieron-optar-por-traer-productos-por-avion-para-abastecer-sus-locales\/","title":{"rendered":"FRUTER\u00cdAS DEBIERON OPTAR POR TRAER PRODUCTOS POR AVI\u00d3N PARA ABASTECER SUS LOCALES"},"content":{"rendered":"\n<p>A\u00fan se desconoce cuando ser\u00eda habilitado\nel Paso Samor\u00e9 para el tr\u00e1nsito de camiones provenientes del norte del pa\u00eds\nhasta la regi\u00f3n, a pesar que haberse abierto otro camino tambi\u00e9n cerrar\u00eda por\nalgunas horas, esto directamente afecta a los negocios y supermercados locales,\nya que desde hace una semana no tendr\u00eda algunos productos entre ellos frutas y\nverduras lo que queda demostrado en las estanter\u00edas de estos lugares.<\/p>\n\n\n\n<p>En las pr\u00f3ximas horas estar\u00edan\npor llegar a la regi\u00f3n un par de camiones con productos, pero no ser\u00eda\nsuficiente para abastecer toda la regi\u00f3n de Magallanes.<\/p>\n\n\n\n<p>Sin duda que los locales m\u00e1s\npeque\u00f1os tambi\u00e9n se ven complicados con dicha situaci\u00f3n, por ejemplo, la fruter\u00eda\n\u201cMi Pumalin\u201d expresaron que hasta el pr\u00f3ximo d\u00eda mi\u00e9rcoles se podr\u00edan volver\nabastecer de productos para la venta.<\/p>\n\n\n\n<p>Por su parte desde el local \u201cLa\nGranja Magall\u00e1nica\u201d, comentaron que tuvieron que traer algunos productos como\nhuevos y paltas desde el norte del pa\u00eds por avi\u00f3n, \u201csin duda que esto nos sale\nalgo m\u00e1s caro, pero debemos tener productos disponibles para las y los clientes\u201d.<\/p>\n\n\n\n<p>\u201cLa Granja Magall\u00e1nica\u201d se encuentra ubicada en calle Lautaro Navarro 673 (frente a la plaza Sampaio) o se pueden contactar al tel\u00e9fono +569 96491074.<\/p>\n\n\n\n<p>Fuente: Estaci\u00f3n Sur<\/p>\n","protected":false},"excerpt":{"rendered":"<p>A\u00fan se desconoce cuando ser\u00eda habilitado el Paso Samor\u00e9 para el tr\u00e1nsito de camiones provenientes del norte del pa\u00eds hasta la regi\u00f3n, a pesar que haberse abierto otro camino tambi\u00e9n&#8230; <a class=\"read-more\" href=\"https:\/\/www.radiopresidenteibanez.cl\/web\/fruterias-debieron-optar-por-traer-productos-por-avion-para-abastecer-sus-locales\/\">Leer m\u00e1s<\/a><\/p>\n","protected":false},"author":2,"featured_media":6027,"comment_status":"closed","ping_status":"closed","sticky":false,"template":"","format":"standard","meta":{"footnotes":""},"categories":[1],"tags":[],"class_list":["post-6026","post","type-post","status-publish","format-standard","has-post-thumbnail","hentry","category-cronica"],"_links":{"self":[{"href":"https:\/\/www.radiopresidenteibanez.cl\/web\/wp-json\/wp\/v2\/posts\/6026","targetHints":{"allow":["GET"]}}],"collection":[{"href":"https:\/\/www.radiopresidenteibanez.cl\/web\/wp-json\/wp\/v2\/posts"}],"about":[{"href":"https:\/\/www.radiopresidenteibanez.cl\/web\/wp-json\/wp\/v2\/types\/post"}],"author":[{"embeddable":true,"href":"https:\/\/www.radiopresidenteibanez.cl\/web\/wp-json\/wp\/v2\/users\/2"}],"replies":[{"embeddable":true,"href":"https:\/\/www.radiopresidenteibanez.cl\/web\/wp-json\/wp\/v2\/comments?post=6026"}],"version-history":[{"count":0,"href":"https:\/\/www.radiopresidenteibanez.cl\/web\/wp-json\/wp\/v2\/posts\/6026\/revisions"}],"wp:featuredmedia":[{"embeddable":true,"href":"https:\/\/www.radiopresidenteibanez.cl\/web\/wp-json\/wp\/v2\/media\/6027"}],"wp:attachment":[{"href":"https:\/\/www.radiopresidenteibanez.cl\/web\/wp-json\/wp\/v2\/media?parent=6026"}],"wp:term":[{"taxonomy":"category","embeddable":true,"href":"https:\/\/www.radiopresidenteibanez.cl\/web\/wp-json\/wp\/v2\/categories?post=6026"},{"taxonomy":"post_tag","embeddable":true,"href":"https:\/\/www.radiopresidenteibanez.cl\/web\/wp-json\/wp\/v2\/tags?post=6026"}],"curies":[{"name":"wp","href":"https:\/\/api.w.org\/{rel}","templated":true}]}}