{"id":6023,"date":"2019-07-29T23:48:02","date_gmt":"2019-07-29T23:48:02","guid":{"rendered":"http:\/\/www.radiopresidenteibanez.cl\/web\/?p=6023"},"modified":"2019-07-29T23:48:47","modified_gmt":"2019-07-29T23:48:47","slug":"mina-invierno-dono-buzos-termicos-a-unpade","status":"publish","type":"post","link":"https:\/\/www.radiopresidenteibanez.cl\/web\/mina-invierno-dono-buzos-termicos-a-unpade\/","title":{"rendered":"MINA INVIERNO DON\u00d3 BUZOS T\u00c9RMICOS A UNPADE"},"content":{"rendered":"\n<p>Con el prop\u00f3sito de respaldar el trabajo que desarrolla la\nUni\u00f3n Nacional de Padres y Amigos de Personas con Discapacidad Mental (Unpade)\nMina Invierno realiz\u00f3 una donaci\u00f3n de buzos t\u00e9rmicos que permitir\u00e1 fortalecer\nel trabajo hort\u00edcola que, con gran esfuerzo, desarrollan voluntarios, docentes\ny estudiantes en dependencias del Centro de Atenci\u00f3n en Punta Arenas.<\/p>\n\n\n\n<p>La instalaci\u00f3n de macro y microinvernaderos implementados\ncon riego automatizado, entre otras iniciativas para el cultivo de frutos,\nhortalizas y \u00e1rboles, ha hecho posible desarrollar un centro hort\u00edcola que\npermite realizar un trabajo terap\u00e9utico con los estudiantes, como as\u00ed tambi\u00e9n,\nabre la posibilidad de generar un ingreso para la instituci\u00f3n.<\/p>\n\n\n\n<p>Martita Garc\u00eda, representante legal de Unpade agradeci\u00f3 la\ndonaci\u00f3n se\u00f1alando que \u201cllev\u00e1bamos a\u00f1os esperando que aparecieran estos buzos\nporque el trabajo de los chicos es en el patio donde en el invierno es muy frio\ny a algunos no les gusta salir, pero abrigados va a ser otra cosa. Es un sue\u00f1o\nque se nos hizo realidad\u201d.<\/p>\n\n\n\n<p>Unpade atiende a 26 personas entre 16 y 54 a\u00f1os y cuenta con\nun equipo de profesionales del \u00e1rea de la educaci\u00f3n y la salud. S\u00f3lo reciben\nsubsidio los estudiantes entres los 16 a 26 a\u00f1os.<\/p>\n\n\n\n<p>\u201cNuestro anhelo es tener todo lo que necesitamos para poder\nproducir y poder vender lo que los chiquillos producen y eso le da la dignidad\ncomo personas porque tienen su trabajo y recibir su renta, su mensualidad como\ntodas las personas que trabajamos\u201d, agreg\u00f3 Martita Garc\u00eda.<\/p>\n\n\n\n<p>En tanto, Juan Francisco Aliaga, Gerente de Personas de Mina\nInvierno destac\u00f3 la labor de Unpade indicando que \u201cest\u00e1n haciendo trabajo de\ninclusi\u00f3n, y qu\u00e9 mejor que respaldarlos con la entrega de este material que les\npermita trabajar a la intemperie sin fr\u00edo.\u201d<\/p>\n","protected":false},"excerpt":{"rendered":"<p>Con el prop\u00f3sito de respaldar el trabajo que desarrolla la Uni\u00f3n Nacional de Padres y Amigos de Personas con Discapacidad Mental (Unpade) Mina Invierno realiz\u00f3 una donaci\u00f3n de buzos t\u00e9rmicos&#8230; <a class=\"read-more\" href=\"https:\/\/www.radiopresidenteibanez.cl\/web\/mina-invierno-dono-buzos-termicos-a-unpade\/\">Leer m\u00e1s<\/a><\/p>\n","protected":false},"author":2,"featured_media":6024,"comment_status":"closed","ping_status":"closed","sticky":false,"template":"","format":"standard","meta":{"footnotes":""},"categories":[1],"tags":[],"class_list":["post-6023","post","type-post","status-publish","format-standard","has-post-thumbnail","hentry","category-cronica"],"_links":{"self":[{"href":"https:\/\/www.radiopresidenteibanez.cl\/web\/wp-json\/wp\/v2\/posts\/6023","targetHints":{"allow":["GET"]}}],"collection":[{"href":"https:\/\/www.radiopresidenteibanez.cl\/web\/wp-json\/wp\/v2\/posts"}],"about":[{"href":"https:\/\/www.radiopresidenteibanez.cl\/web\/wp-json\/wp\/v2\/types\/post"}],"author":[{"embeddable":true,"href":"https:\/\/www.radiopresidenteibanez.cl\/web\/wp-json\/wp\/v2\/users\/2"}],"replies":[{"embeddable":true,"href":"https:\/\/www.radiopresidenteibanez.cl\/web\/wp-json\/wp\/v2\/comments?post=6023"}],"version-history":[{"count":0,"href":"https:\/\/www.radiopresidenteibanez.cl\/web\/wp-json\/wp\/v2\/posts\/6023\/revisions"}],"wp:featuredmedia":[{"embeddable":true,"href":"https:\/\/www.radiopresidenteibanez.cl\/web\/wp-json\/wp\/v2\/media\/6024"}],"wp:attachment":[{"href":"https:\/\/www.radiopresidenteibanez.cl\/web\/wp-json\/wp\/v2\/media?parent=6023"}],"wp:term":[{"taxonomy":"category","embeddable":true,"href":"https:\/\/www.radiopresidenteibanez.cl\/web\/wp-json\/wp\/v2\/categories?post=6023"},{"taxonomy":"post_tag","embeddable":true,"href":"https:\/\/www.radiopresidenteibanez.cl\/web\/wp-json\/wp\/v2\/tags?post=6023"}],"curies":[{"name":"wp","href":"https:\/\/api.w.org\/{rel}","templated":true}]}}