{"id":6020,"date":"2019-07-29T23:43:33","date_gmt":"2019-07-29T23:43:33","guid":{"rendered":"http:\/\/www.radiopresidenteibanez.cl\/web\/?p=6020"},"modified":"2019-07-29T23:44:00","modified_gmt":"2019-07-29T23:44:00","slug":"ninos-y-adultos-disfrutaron-de-coco-el-musical-este-fin-de-semana","status":"publish","type":"post","link":"https:\/\/www.radiopresidenteibanez.cl\/web\/ninos-y-adultos-disfrutaron-de-coco-el-musical-este-fin-de-semana\/","title":{"rendered":"NI\u00d1OS Y ADULTOS DISFRUTARON DE \u201cCOCO, EL MUSICAL\u201d ESTE FIN DE SEMANA"},"content":{"rendered":"\n<p>Recordando a los conocidos personajes \u2018Miguel\u2019, \u2018H\u00e9ctor\u2019,\n\u2018Mam\u00e1 Imelda\u2019 y \u2018Mam\u00e1 Coco\u2019, entre muchos otros, m\u00e1s de 600 ni\u00f1os y adultos de\nPunta Arenas disfrutaron de \u201cCoco, El Musical\u201d, organizado por el Municipio y\npresentado, este fin de semana, en el Centro Cultural.<\/p>\n\n\n\n<p>\u201cDentro de la planificaci\u00f3n que ten\u00edamos para agosto estaba\ndar un impulso importante a las actividades para los ni\u00f1os. Si uno se da\ncuenta, en nuestra ciudad tenemos hartos ni\u00f1os, pero no hay muchas actividades.\nPor eso comenzamos con Cachureos, que fue todo un \u00e9xito, ahora estamos con\nCoco, donde \u00edbamos a hacer dos funciones, pero fue tal la cantidad de demanda\nque tuvimos, que tal como lo dije en el Teatro Municipal despu\u00e9s que mucha\ngente se quedara sin entrada, \u00edbamos a ver la posibilidad de tener una tercera\nfunci\u00f3n, y cumplimos\u201d, afirm\u00f3 el alcalde de Punta Arenas, Claudio Radonich.<\/p>\n\n\n\n<p>La tercera funci\u00f3n se realiz\u00f3 a las 19:30 horas, en el mismo\nCentro Cultural, de la cual participaron todos aquellos que el jueves (25 de\njulio) se quedaron sin la posibilidad de acceder a entradas, pese a haber\nrealizado la fila.<\/p>\n\n\n\n<p>Los asistentes se manifestaron muy contentos de poder\nacceder a un espect\u00e1culo de calidad de manera gratuita. \u201cEs ideal, porque ac\u00e1\ncomo no hay muchas cosas para los ni\u00f1os, es s\u00faper bueno\u201d, se\u00f1al\u00f3 Zoi Barr\u00eda.<\/p>\n\n\n\n<p>Por su parte, Ana Ortega, indic\u00f3 que la funci\u00f3n le pareci\u00f3\n\u201cS\u00faper entretenida, bonita, divertida y algo novedoso para ac\u00e1, que muchas\ncosas as\u00ed no llegan\u201d.<\/p>\n","protected":false},"excerpt":{"rendered":"<p>Recordando a los conocidos personajes \u2018Miguel\u2019, \u2018H\u00e9ctor\u2019, \u2018Mam\u00e1 Imelda\u2019 y \u2018Mam\u00e1 Coco\u2019, entre muchos otros, m\u00e1s de 600 ni\u00f1os y adultos de Punta Arenas disfrutaron de \u201cCoco, El Musical\u201d, organizado&#8230; <a class=\"read-more\" href=\"https:\/\/www.radiopresidenteibanez.cl\/web\/ninos-y-adultos-disfrutaron-de-coco-el-musical-este-fin-de-semana\/\">Leer m\u00e1s<\/a><\/p>\n","protected":false},"author":2,"featured_media":6021,"comment_status":"closed","ping_status":"closed","sticky":false,"template":"","format":"standard","meta":{"footnotes":""},"categories":[1],"tags":[],"class_list":["post-6020","post","type-post","status-publish","format-standard","has-post-thumbnail","hentry","category-cronica"],"_links":{"self":[{"href":"https:\/\/www.radiopresidenteibanez.cl\/web\/wp-json\/wp\/v2\/posts\/6020","targetHints":{"allow":["GET"]}}],"collection":[{"href":"https:\/\/www.radiopresidenteibanez.cl\/web\/wp-json\/wp\/v2\/posts"}],"about":[{"href":"https:\/\/www.radiopresidenteibanez.cl\/web\/wp-json\/wp\/v2\/types\/post"}],"author":[{"embeddable":true,"href":"https:\/\/www.radiopresidenteibanez.cl\/web\/wp-json\/wp\/v2\/users\/2"}],"replies":[{"embeddable":true,"href":"https:\/\/www.radiopresidenteibanez.cl\/web\/wp-json\/wp\/v2\/comments?post=6020"}],"version-history":[{"count":0,"href":"https:\/\/www.radiopresidenteibanez.cl\/web\/wp-json\/wp\/v2\/posts\/6020\/revisions"}],"wp:featuredmedia":[{"embeddable":true,"href":"https:\/\/www.radiopresidenteibanez.cl\/web\/wp-json\/wp\/v2\/media\/6021"}],"wp:attachment":[{"href":"https:\/\/www.radiopresidenteibanez.cl\/web\/wp-json\/wp\/v2\/media?parent=6020"}],"wp:term":[{"taxonomy":"category","embeddable":true,"href":"https:\/\/www.radiopresidenteibanez.cl\/web\/wp-json\/wp\/v2\/categories?post=6020"},{"taxonomy":"post_tag","embeddable":true,"href":"https:\/\/www.radiopresidenteibanez.cl\/web\/wp-json\/wp\/v2\/tags?post=6020"}],"curies":[{"name":"wp","href":"https:\/\/api.w.org\/{rel}","templated":true}]}}