{"id":6017,"date":"2019-07-29T23:40:17","date_gmt":"2019-07-29T23:40:17","guid":{"rendered":"http:\/\/www.radiopresidenteibanez.cl\/web\/?p=6017"},"modified":"2019-07-29T23:40:49","modified_gmt":"2019-07-29T23:40:49","slug":"se-realiza-el-proximo-viernes-y-es-organizado-por-sernatur-magallanes-encuentro-de-guias-en-puerto-natales-genera-gran-interes-en-el-sector-turistico","status":"publish","type":"post","link":"https:\/\/www.radiopresidenteibanez.cl\/web\/se-realiza-el-proximo-viernes-y-es-organizado-por-sernatur-magallanes-encuentro-de-guias-en-puerto-natales-genera-gran-interes-en-el-sector-turistico\/","title":{"rendered":"SE REALIZA EL PR\u00d3XIMO VIERNES Y ES ORGANIZADO POR SERNATUR MAGALLANES: ENCUENTRO DE GU\u00cdAS EN PUERTO NATALES GENERA GRAN INTER\u00c9S EN EL SECTOR TUR\u00cdSTICO"},"content":{"rendered":"\n<p>Expositores de primer nivel y los\nprincipales gu\u00edas de la regi\u00f3n se reunir\u00e1n en Puerto Natales este viernes 2 de\nagosto con el objetivo de entregar informaci\u00f3n y herramientas a los gu\u00edas de\nturismo, generando una instancia de consultas y aportes en pro de un turismo\nresponsable y sustentable.<\/p>\n\n\n\n<p>\u201cEstamos muy orgullosos de apoyar\neste tipo de iniciativas porque sin duda los gu\u00edas son parte importante de la\nactividad tur\u00edstica en Magallanes y es as\u00ed como hemos discutido acerca de la\nrelevancia de&nbsp; la profesionalizaci\u00f3n y de\nmejorar la expertise de los gu\u00edas de Magallanes y sin duda este encuentro con\ngrandes exposiciones que tienen tem\u00e1ticas diversas que aplican a las cuatro\nprovincias de nuestra regi\u00f3n, va a ser un tremendo aporte\u201d, indic\u00f3 la Seremi de\nEconom\u00eda Natalia Easton.<\/p>\n\n\n\n<p>El Encuentro de Gu\u00edas se\nrealizar\u00e1 a partir de las 8:30 hrs en el centro de eventos del restor\u00e1n\nCormor\u00e1n de las Rocas donde expondr\u00e1n expertos en observaci\u00f3n de aves, turismo\nsubmarino, excursiones en Tierra del Fuego, turismo patrimonial, paleo turismo\ny perspectivas cient\u00edficas, la Patagonia m\u00e1s all\u00e1 de la pampa, entre otras\ntem\u00e1ticas.<\/p>\n\n\n\n<p>Destaca la participaci\u00f3n de Ernesto\nOlivares, monta\u00f1ista nacional de dilatada trayectoria que alcanz\u00f3 junto a su\nequipo la cumbre del Everest, entre otros importantes retos de los deportistas\nde esta disciplina. <\/p>\n\n\n\n<p>Para el encuentro se espera la\nparticipaci\u00f3n de m\u00e1s de 80 gu\u00edas quienes en su mayor\u00eda forman parte de las\nasociaciones de \u00daltima Esperanza, Tierra del Fuego y Magallanes. <\/p>\n\n\n\n<p>El encuentro concluir\u00e1 con una\ncena en dependencias del mismo restor\u00e1n y con la participaci\u00f3n de las\nautoridades provinciales y comunales, donde SERNATUR MAGALLANES har\u00e1 entrega de\ncertificados por participaci\u00f3n a trav\u00e9s del Programa de Consolidaci\u00f3n y Nuevos\nDestinos Tur\u00edsticos de la Patagonia.<\/p>\n","protected":false},"excerpt":{"rendered":"<p>Expositores de primer nivel y los principales gu\u00edas de la regi\u00f3n se reunir\u00e1n en Puerto Natales este viernes 2 de agosto con el objetivo de entregar informaci\u00f3n y herramientas a&#8230; <a class=\"read-more\" href=\"https:\/\/www.radiopresidenteibanez.cl\/web\/se-realiza-el-proximo-viernes-y-es-organizado-por-sernatur-magallanes-encuentro-de-guias-en-puerto-natales-genera-gran-interes-en-el-sector-turistico\/\">Leer m\u00e1s<\/a><\/p>\n","protected":false},"author":2,"featured_media":6018,"comment_status":"closed","ping_status":"closed","sticky":false,"template":"","format":"standard","meta":{"footnotes":""},"categories":[1],"tags":[],"class_list":["post-6017","post","type-post","status-publish","format-standard","has-post-thumbnail","hentry","category-cronica"],"_links":{"self":[{"href":"https:\/\/www.radiopresidenteibanez.cl\/web\/wp-json\/wp\/v2\/posts\/6017","targetHints":{"allow":["GET"]}}],"collection":[{"href":"https:\/\/www.radiopresidenteibanez.cl\/web\/wp-json\/wp\/v2\/posts"}],"about":[{"href":"https:\/\/www.radiopresidenteibanez.cl\/web\/wp-json\/wp\/v2\/types\/post"}],"author":[{"embeddable":true,"href":"https:\/\/www.radiopresidenteibanez.cl\/web\/wp-json\/wp\/v2\/users\/2"}],"replies":[{"embeddable":true,"href":"https:\/\/www.radiopresidenteibanez.cl\/web\/wp-json\/wp\/v2\/comments?post=6017"}],"version-history":[{"count":0,"href":"https:\/\/www.radiopresidenteibanez.cl\/web\/wp-json\/wp\/v2\/posts\/6017\/revisions"}],"wp:featuredmedia":[{"embeddable":true,"href":"https:\/\/www.radiopresidenteibanez.cl\/web\/wp-json\/wp\/v2\/media\/6018"}],"wp:attachment":[{"href":"https:\/\/www.radiopresidenteibanez.cl\/web\/wp-json\/wp\/v2\/media?parent=6017"}],"wp:term":[{"taxonomy":"category","embeddable":true,"href":"https:\/\/www.radiopresidenteibanez.cl\/web\/wp-json\/wp\/v2\/categories?post=6017"},{"taxonomy":"post_tag","embeddable":true,"href":"https:\/\/www.radiopresidenteibanez.cl\/web\/wp-json\/wp\/v2\/tags?post=6017"}],"curies":[{"name":"wp","href":"https:\/\/api.w.org\/{rel}","templated":true}]}}