{"id":6014,"date":"2019-07-29T23:35:27","date_gmt":"2019-07-29T23:35:27","guid":{"rendered":"http:\/\/www.radiopresidenteibanez.cl\/web\/?p=6014"},"modified":"2019-07-29T23:35:50","modified_gmt":"2019-07-29T23:35:50","slug":"diputada-amar-solicita-a-subdere-instalacion-de-servicios-en-sector-periurbano-de-puerto-natales","status":"publish","type":"post","link":"https:\/\/www.radiopresidenteibanez.cl\/web\/diputada-amar-solicita-a-subdere-instalacion-de-servicios-en-sector-periurbano-de-puerto-natales\/","title":{"rendered":"DIPUTADA AMAR SOLICITA A SUBDERE INSTALACI\u00d3N DE SERVICIOS EN SECTOR PERIURBANO DE PUERTO NATALES"},"content":{"rendered":"\n<p>En el marco de la semana distrital, la diputada UDI, Sandra Amar sostuvo una reuni\u00f3n con el representante de SUBDERE Magallanes, Jacques Roux.<\/p>\n\n\n\n<p>En dicha instancia, la parlamentaria hizo ver la necesidad que tienen las familias de los sectores de Dorotea y Huertos Familiares en Puerto Natales, de contar con agua potable y alcantarillado, materias de competencia de la SUBDERE.&nbsp;<br>\u201cEstamos al tanto de la urgente necesidad que asiste a m\u00e1s de mil personas que actualmente se encuentran sin agua potable, alcantarillado, y en muchos casos, sin ning\u00fan tipo de servicio b\u00e1sico, situaci\u00f3n que debe ser subsanada lo antes posible\u201d, afirm\u00f3 la diputada Amar. Y agreg\u00f3 que \u201cluego de esta reuni\u00f3n acordamos con el jede de la SUBDERE&nbsp;&nbsp;hacer las gestiones correspondientes en la Subsecretar\u00eda de Obras P\u00fablicas, espec\u00edficamente en Obras Hidr\u00e1ulicas, para que nos puedan dar un cronograma de acciones que posibiliten a mediano plazo la instalaci\u00f3n de agua potable y alcantarillado para las familias de Dorotea y del sector de Huertos Familiares\u201d.<\/p>\n\n\n\n<p>Por su parte, el jefe de SUBDERE Magallanes, Jacques Roux, manifest\u00f3 la voluntad de la subsecretar\u00eda por desarrollar este tipo de proyectos ya que \u201cse cuenta con los fondos para ello\u201d. Roux destac\u00f3 la realizaci\u00f3n de esta reuni\u00f3n ya que \u201cnos hemos puesto al tanto de las necesidades que ha visto la diputada Amar en terreno respecto al saneamiento sanitario y agua potable, adem\u00e1s de proyectos de energizaci\u00f3n\u201d.&nbsp;<\/p>\n\n\n\n<p>Sandra Amar y Jacques Roux asegur\u00f3 que trabajar\u00e1n en conjunto con la diputada para dar soluci\u00f3n a los vecinos del sector de Dorotea y de Huertos Familiares en Puerto Natales.<\/p>\n","protected":false},"excerpt":{"rendered":"<p>En el marco de la semana distrital, la diputada UDI, Sandra Amar sostuvo una reuni\u00f3n con el representante de SUBDERE Magallanes, Jacques Roux. En dicha instancia, la parlamentaria hizo ver&#8230; <a class=\"read-more\" href=\"https:\/\/www.radiopresidenteibanez.cl\/web\/diputada-amar-solicita-a-subdere-instalacion-de-servicios-en-sector-periurbano-de-puerto-natales\/\">Leer m\u00e1s<\/a><\/p>\n","protected":false},"author":2,"featured_media":6015,"comment_status":"closed","ping_status":"closed","sticky":false,"template":"","format":"standard","meta":{"footnotes":""},"categories":[1],"tags":[],"class_list":["post-6014","post","type-post","status-publish","format-standard","has-post-thumbnail","hentry","category-cronica"],"_links":{"self":[{"href":"https:\/\/www.radiopresidenteibanez.cl\/web\/wp-json\/wp\/v2\/posts\/6014","targetHints":{"allow":["GET"]}}],"collection":[{"href":"https:\/\/www.radiopresidenteibanez.cl\/web\/wp-json\/wp\/v2\/posts"}],"about":[{"href":"https:\/\/www.radiopresidenteibanez.cl\/web\/wp-json\/wp\/v2\/types\/post"}],"author":[{"embeddable":true,"href":"https:\/\/www.radiopresidenteibanez.cl\/web\/wp-json\/wp\/v2\/users\/2"}],"replies":[{"embeddable":true,"href":"https:\/\/www.radiopresidenteibanez.cl\/web\/wp-json\/wp\/v2\/comments?post=6014"}],"version-history":[{"count":0,"href":"https:\/\/www.radiopresidenteibanez.cl\/web\/wp-json\/wp\/v2\/posts\/6014\/revisions"}],"wp:featuredmedia":[{"embeddable":true,"href":"https:\/\/www.radiopresidenteibanez.cl\/web\/wp-json\/wp\/v2\/media\/6015"}],"wp:attachment":[{"href":"https:\/\/www.radiopresidenteibanez.cl\/web\/wp-json\/wp\/v2\/media?parent=6014"}],"wp:term":[{"taxonomy":"category","embeddable":true,"href":"https:\/\/www.radiopresidenteibanez.cl\/web\/wp-json\/wp\/v2\/categories?post=6014"},{"taxonomy":"post_tag","embeddable":true,"href":"https:\/\/www.radiopresidenteibanez.cl\/web\/wp-json\/wp\/v2\/tags?post=6014"}],"curies":[{"name":"wp","href":"https:\/\/api.w.org\/{rel}","templated":true}]}}