{"id":6010,"date":"2019-07-29T19:43:37","date_gmt":"2019-07-29T19:43:37","guid":{"rendered":"http:\/\/www.radiopresidenteibanez.cl\/web\/?p=6010"},"modified":"2019-07-29T19:43:41","modified_gmt":"2019-07-29T19:43:41","slug":"presidente-del-core-planteo-en-santiago-necesidad-de-continuar-con-el-plan-de-zonas-extremas","status":"publish","type":"post","link":"https:\/\/www.radiopresidenteibanez.cl\/web\/presidente-del-core-planteo-en-santiago-necesidad-de-continuar-con-el-plan-de-zonas-extremas\/","title":{"rendered":"PRESIDENTE DEL CORE PLANTE\u00d3 EN SANTIAGO NECESIDAD DE CONTINUAR CON EL PLAN DE ZONAS EXTREMAS"},"content":{"rendered":"\n<p>En el marco de la defensa del presupuesto 2020 para la\nregi\u00f3n de Magallanes y Ant\u00e1rtica Chilena, el presidente del Consejo Regional,\nTolentino Soto, junto a los consejeros Antonio Bradasic y Andr\u00e9s L\u00f3pez,\npusieron \u00e9nfasis en la importancia de continuar con el Plan Especial de\nDesarrollo de Zonas Extremas (Pedze).<\/p>\n\n\n\n<p>\u201cMuchas de las obras que se est\u00e1n implementando, si bien es\ncierto no han sido finalizadas en su ejecuci\u00f3n, el Plan se termina el 2020. Por\nlo tanto, urge tomar una determinaci\u00f3n, que deben tomar las autoridades de\nGobierno\u201d, afirm\u00f3 el presidente del Core, Tolentino Soto, quien hizo estas\nindicaciones ante la Direcci\u00f3n de Presupuestos (Dipres) y ante la Subsecretar\u00eda\nde Desarrollo Regional (Subdere).<\/p>\n\n\n\n<p>\u201cTiene que tomarse una decisi\u00f3n respecto a prolongar este\nPlan en todas sus condiciones, es decir, no solamente entregando recursos\necon\u00f3micos adicionales, sino que tambi\u00e9n, manteniendo la forma de conseguir las\nrecomendaciones t\u00e9cnicas de los proyectos, donde no haya que justificar, por\nejemplo, que por la densidad demogr\u00e1fica se entreguen recursos\u201d, expres\u00f3 Soto\nEspa\u00f1a.<\/p>\n\n\n\n<p>Por otro lado, se hizo ver la ampliaci\u00f3n de recursos que\nentreg\u00f3 el instrumento al Fondo Nacional de Desarrollo Regional. \u201cEs decir, si\nel 2020 o 2021 no contin\u00faa el Plan de Zonas Extremas, el FNDR bajar\u00eda\nconsiderablemente, y la inversi\u00f3n disminuir\u00eda considerablemente tambi\u00e9n. De ah\u00ed\nla importancia de mantener este Plan y proyectarlo en el tiempo\u201d, se\u00f1al\u00f3 el\nrepresentante del Core.<\/p>\n\n\n\n<p>Durante la discusi\u00f3n, tambi\u00e9n se hizo \u00e9nfasis en la\nimportancia de que los proyectos sectoriales sean socializados y trabajados con\notros representantes de la comunidad regional. \u201cNo puede ser que exista una\nexplicaci\u00f3n como, por ejemplo, decir que la v\u00eda de elevaci\u00f3n que se proyectaba\npara Punta Arenas, y que es una obra con recursos sectoriales del ministerio de\nObras P\u00fablicas, si no se hace, se pierde. Esa no es una explicaci\u00f3n l\u00f3gica\u201d,\npostul\u00f3 Soto Espa\u00f1a, agregando que si dichas obras p\u00fablicas pueden ser\nabordadas por los sectores, es porque con recursos regionales se han financiado\notras obras que tambi\u00e9n son responsabilidad directa de estos ministerios.<\/p>\n","protected":false},"excerpt":{"rendered":"<p>En el marco de la defensa del presupuesto 2020 para la regi\u00f3n de Magallanes y Ant\u00e1rtica Chilena, el presidente del Consejo Regional, Tolentino Soto, junto a los consejeros Antonio Bradasic&#8230; <a class=\"read-more\" href=\"https:\/\/www.radiopresidenteibanez.cl\/web\/presidente-del-core-planteo-en-santiago-necesidad-de-continuar-con-el-plan-de-zonas-extremas\/\">Leer m\u00e1s<\/a><\/p>\n","protected":false},"author":2,"featured_media":4239,"comment_status":"closed","ping_status":"closed","sticky":false,"template":"","format":"standard","meta":{"footnotes":""},"categories":[1],"tags":[],"class_list":["post-6010","post","type-post","status-publish","format-standard","has-post-thumbnail","hentry","category-cronica"],"_links":{"self":[{"href":"https:\/\/www.radiopresidenteibanez.cl\/web\/wp-json\/wp\/v2\/posts\/6010","targetHints":{"allow":["GET"]}}],"collection":[{"href":"https:\/\/www.radiopresidenteibanez.cl\/web\/wp-json\/wp\/v2\/posts"}],"about":[{"href":"https:\/\/www.radiopresidenteibanez.cl\/web\/wp-json\/wp\/v2\/types\/post"}],"author":[{"embeddable":true,"href":"https:\/\/www.radiopresidenteibanez.cl\/web\/wp-json\/wp\/v2\/users\/2"}],"replies":[{"embeddable":true,"href":"https:\/\/www.radiopresidenteibanez.cl\/web\/wp-json\/wp\/v2\/comments?post=6010"}],"version-history":[{"count":0,"href":"https:\/\/www.radiopresidenteibanez.cl\/web\/wp-json\/wp\/v2\/posts\/6010\/revisions"}],"wp:featuredmedia":[{"embeddable":true,"href":"https:\/\/www.radiopresidenteibanez.cl\/web\/wp-json\/wp\/v2\/media\/4239"}],"wp:attachment":[{"href":"https:\/\/www.radiopresidenteibanez.cl\/web\/wp-json\/wp\/v2\/media?parent=6010"}],"wp:term":[{"taxonomy":"category","embeddable":true,"href":"https:\/\/www.radiopresidenteibanez.cl\/web\/wp-json\/wp\/v2\/categories?post=6010"},{"taxonomy":"post_tag","embeddable":true,"href":"https:\/\/www.radiopresidenteibanez.cl\/web\/wp-json\/wp\/v2\/tags?post=6010"}],"curies":[{"name":"wp","href":"https:\/\/api.w.org\/{rel}","templated":true}]}}