{"id":6007,"date":"2019-07-29T19:39:33","date_gmt":"2019-07-29T19:39:33","guid":{"rendered":"http:\/\/www.radiopresidenteibanez.cl\/web\/?p=6007"},"modified":"2019-07-29T19:39:46","modified_gmt":"2019-07-29T19:39:46","slug":"profesores-y-directivos-de-todo-el-pais-podran-instruirse-sobre-el-nuevo-curriculum-de-forma-digital","status":"publish","type":"post","link":"https:\/\/www.radiopresidenteibanez.cl\/web\/profesores-y-directivos-de-todo-el-pais-podran-instruirse-sobre-el-nuevo-curriculum-de-forma-digital\/","title":{"rendered":"PROFESORES Y DIRECTIVOS DE TODO EL PA\u00cdS PODR\u00c1N INSTRUIRSE SOBRE EL NUEVO CURR\u00cdCULUM DE FORMA DIGITAL"},"content":{"rendered":"\n<p>Con el objetivo de potenciar el desarrollo profesional de los docentes y directivos y poder responder posibles dudas sobre la implementaci\u00f3n del nuevo curr\u00edculum para 3\u00b0 y 4\u00b0 medio, la Unidad de Curr\u00edculum y Evaluaci\u00f3n (UCE) y el&nbsp;<strong>Centro de Perfeccionamiento, Experimentaci\u00f3n e Investigaciones Pedag\u00f3gicas&nbsp;(CPEIP)<\/strong>&nbsp;del Ministerio de Educaci\u00f3n, han organizado un nuevo ciclo de conferencias online a las que podr\u00e1n acceder profesores, equipos directivos de Ense\u00f1anza Media, y todos los que se interesen a lo largo del pa\u00eds.<\/p>\n\n\n\n<p>La coordinadora de Curr\u00edculum del Mineduc, Mar\u00eda Jes\u00fas Honorato, destac\u00f3 el valor de utilizar las nuevas tecnolog\u00edas con el fin de generar un mayor di\u00e1logo con los territorios, y destac\u00f3 que \u201cel sentido de&nbsp;esta reforma curricular, la m\u00e1s sustancial para estos grados desde 1998, es que los j\u00f3venes tengan aprendizajes que les permitan desenvolverse como ciudadanos responsables y cr\u00edticos. Y, adem\u00e1s, sean capaces de comunicarse efectivamente, trabajar colectivamente y, sobre todo, resolver problemas en concordancia con las habilidades para el siglo XXI\u201d. &nbsp;<\/p>\n\n\n\n<p>Por su parte Francisca D\u00edaz, directora del CPEIP, coment\u00f3 que \u201cestamos generando este espacio de formaci\u00f3n con el objetivo de apoyar la actualizaci\u00f3n de conocimientos de los docentes de tercero y cuarto medio. Esto adquiere especial relevancia en el contexto actual, de constante cambio, que exige una renovaci\u00f3n de los contenidos con los que se trabaja al interior del aula\u201d.<\/p>\n\n\n\n<p>Este martes 30 de julio, a las 15 horas, se realizar\u00e1 la primera de esta serie de 20 conferencias donde se entregar\u00e1 informaci\u00f3n detallada respecto de los enfoques, principios y estructura del nuevo curr\u00edculum, de manera que los docentes puedan propiciar su correcta implementaci\u00f3n y de esta manera, avanzar en cuanto a calidad educativa.<\/p>\n\n\n\n<p>Los docentes de todo el pa\u00eds se podr\u00e1n conectar a estos&nbsp;webinars desde cualquier ordenador o dispositivo m\u00f3vil con conexi\u00f3n a internet a trav\u00e9s de la p\u00e1gina web&nbsp;<a href=\"https:\/\/nam02.safelinks.protection.outlook.com\/?url=http%3A%2F%2Fwww.cpeip.cl%2Fconferencias&amp;data=02%7C01%7Candrea.tapia%40mineduc.cl%7C4e329d5060464febd01e08d6b9dc24d3%7C2e4cfe500580414093874ecde39def60%7C1%7C0%7C636900752492356082&amp;sdata=fhMxFR8Ey9FzIm0VFKhDWjGm5t9CUmVs%2BKCW1HwPg7E%3D&amp;reserved=0\" target=\"_blank\" rel=\"noreferrer noopener\">www.cpeip.cl\/conferencias<\/a>. Durante la conferencia, podr\u00e1n hacer preguntas en vivo e interactuar con los profesionales del Mineduc que est\u00e9n a cargo de cada ponencia.&nbsp; Las fechas y horarios de cada uno de los eventos ser\u00e1n informados v\u00eda mailing y\/o a trav\u00e9s de los canales corporativos del CPEIP y el Mineduc.&nbsp;<\/p>\n\n\n\n<p>A continuaci\u00f3n, las fechas y horarios de las primeras sesiones:<\/p>\n\n\n\n<table class=\"wp-block-table\"><tbody><tr><td><strong>Tema<\/strong><strong><\/strong><\/td><td><strong>Fecha y hora<\/strong><\/td><\/tr><tr><td>Enfoques, principios y estructura del nuevo curr\u00edculum en III y IV Medio<\/td><td>Martes 30 de julio, 15 horas.<\/td><\/tr><tr><td>Oportunidades que abre el Sistema de Electividad en 3\u00b0 y 4\u00b0 Medio y elaboraci\u00f3n de planes de estudio.&nbsp;<\/td><td>Jueves 22 de agosto, 15 horas.<\/td><\/tr><tr><td>Habilidades del Siglo XXI en el nuevo curr\u00edculum de III y IV Medio.<\/td><td>Jueves 5 de septiembre, 15 horas.<\/td><\/tr><tr><td>Metodolog\u00eda de Proyecto en el nuevo curr\u00edculum de III y IV Medio y su contribuci\u00f3n al aprendizaje.<\/td><td>Jueves 3 de octubre, 15 horas.<\/td><\/tr><\/tbody><\/table>\n\n\n\n<p><strong>Nuevas bases curriculares de 3\u00b0 y 4\u00b0 medio<\/strong><\/p>\n\n\n\n<p>Las nuevas bases curriculares para estos niveles ofrecen m\u00e1s libertad de elecci\u00f3n para los estudiantes, buscando generar un mayor compromiso e involucramiento de los j\u00f3venes en su proceso formativo. Menos asignaturas totales y con mayor n\u00famero de horas en cada una de las asignaturas del plan de formaci\u00f3n diferenciado, permitir\u00e1 la profundizaci\u00f3n de los conceptos y el mejor desarrollo de competencias para vivir, pensar y trabajar, tales como ciudadan\u00eda, responsabilidad, colaboraci\u00f3n, pensamiento cr\u00edtico y comunicaci\u00f3n, entre otras.<\/p>\n","protected":false},"excerpt":{"rendered":"<p>Con el objetivo de potenciar el desarrollo profesional de los docentes y directivos y poder responder posibles dudas sobre la implementaci\u00f3n del nuevo curr\u00edculum para 3\u00b0 y 4\u00b0 medio, la&#8230; <a class=\"read-more\" href=\"https:\/\/www.radiopresidenteibanez.cl\/web\/profesores-y-directivos-de-todo-el-pais-podran-instruirse-sobre-el-nuevo-curriculum-de-forma-digital\/\">Leer m\u00e1s<\/a><\/p>\n","protected":false},"author":2,"featured_media":6008,"comment_status":"closed","ping_status":"closed","sticky":false,"template":"","format":"standard","meta":{"footnotes":""},"categories":[1],"tags":[],"class_list":["post-6007","post","type-post","status-publish","format-standard","has-post-thumbnail","hentry","category-cronica"],"_links":{"self":[{"href":"https:\/\/www.radiopresidenteibanez.cl\/web\/wp-json\/wp\/v2\/posts\/6007","targetHints":{"allow":["GET"]}}],"collection":[{"href":"https:\/\/www.radiopresidenteibanez.cl\/web\/wp-json\/wp\/v2\/posts"}],"about":[{"href":"https:\/\/www.radiopresidenteibanez.cl\/web\/wp-json\/wp\/v2\/types\/post"}],"author":[{"embeddable":true,"href":"https:\/\/www.radiopresidenteibanez.cl\/web\/wp-json\/wp\/v2\/users\/2"}],"replies":[{"embeddable":true,"href":"https:\/\/www.radiopresidenteibanez.cl\/web\/wp-json\/wp\/v2\/comments?post=6007"}],"version-history":[{"count":0,"href":"https:\/\/www.radiopresidenteibanez.cl\/web\/wp-json\/wp\/v2\/posts\/6007\/revisions"}],"wp:featuredmedia":[{"embeddable":true,"href":"https:\/\/www.radiopresidenteibanez.cl\/web\/wp-json\/wp\/v2\/media\/6008"}],"wp:attachment":[{"href":"https:\/\/www.radiopresidenteibanez.cl\/web\/wp-json\/wp\/v2\/media?parent=6007"}],"wp:term":[{"taxonomy":"category","embeddable":true,"href":"https:\/\/www.radiopresidenteibanez.cl\/web\/wp-json\/wp\/v2\/categories?post=6007"},{"taxonomy":"post_tag","embeddable":true,"href":"https:\/\/www.radiopresidenteibanez.cl\/web\/wp-json\/wp\/v2\/tags?post=6007"}],"curies":[{"name":"wp","href":"https:\/\/api.w.org\/{rel}","templated":true}]}}